{"id":494,"date":"2025-01-25T09:25:30","date_gmt":"2025-01-25T08:25:30","guid":{"rendered":"https:\/\/web.infn.it\/GC-Siena\/?p=494"},"modified":"2025-01-25T09:28:10","modified_gmt":"2025-01-25T08:28:10","slug":"giornata-della-qualita-aula-magna-rettorato-6-2-2025","status":"publish","type":"post","link":"https:\/\/web.infn.it\/GC-Siena\/giornata-della-qualita-aula-magna-rettorato-6-2-2025\/","title":{"rendered":"Giornata della Qualit\u00e0, Aula Magna Rettorato, 6\/2\/2025"},"content":{"rendered":"\n<p class=\"wp-block-paragraph\">Il\u00a0<strong>6 febbraio, dalle ore 9 alle ore 13, in Aula magna del Rettorato (Banchi di Sotto, 55 \u2013 Siena)<\/strong>, si terr\u00e0 la Giornata della Qualit\u00e0 dell&#8217;Universit\u00e0 di Siena per un percorso di miglioramento continuo. Per partecipare occorre l&#8217;iscrizione online.<\/p>\n\n\n\n<p class=\"wp-block-paragraph\">Per maggiori informazioni consultare il link <a href=\"https:\/\/www.unisi.it\/giornata-qualita\">https:\/\/www.unisi.it\/giornata-qualita<\/a><\/p>\n\n\n\n<p class=\"wp-block-paragraph\"><\/p>\n","protected":false},"excerpt":{"rendered":"<p>Il\u00a06 febbraio, dalle ore 9 alle ore 13, in Aula magna del Rettorato (Banchi di Sotto, 55 \u2013 Siena), si terr\u00e0 la Giornata della Qualit\u00e0 dell&#8217;Universit\u00e0 di Siena per un percorso di miglioramento continuo. Per partecipare occorre l&#8217;iscrizione online. Per maggiori informazioni consultare il link https:\/\/www.unisi.it\/giornata-qualita<\/p>\n","protected":false},"author":2,"featured_media":498,"comment_status":"open","ping_status":"open","sticky":false,"template":"","format":"standard","meta":{"footnotes":""},"categories":[3],"tags":[],"class_list":["post-494","post","type-post","status-publish","format-standard","has-post-thumbnail","hentry","category-events"],"_links":{"self":[{"href":"https:\/\/web.infn.it\/GC-Siena\/wp-json\/wp\/v2\/posts\/494","targetHints":{"allow":["GET"]}}],"collection":[{"href":"https:\/\/web.infn.it\/GC-Siena\/wp-json\/wp\/v2\/posts"}],"about":[{"href":"https:\/\/web.infn.it\/GC-Siena\/wp-json\/wp\/v2\/types\/post"}],"author":[{"embeddable":true,"href":"https:\/\/web.infn.it\/GC-Siena\/wp-json\/wp\/v2\/users\/2"}],"replies":[{"embeddable":true,"href":"https:\/\/web.infn.it\/GC-Siena\/wp-json\/wp\/v2\/comments?post=494"}],"version-history":[{"count":1,"href":"https:\/\/web.infn.it\/GC-Siena\/wp-json\/wp\/v2\/posts\/494\/revisions"}],"predecessor-version":[{"id":496,"href":"https:\/\/web.infn.it\/GC-Siena\/wp-json\/wp\/v2\/posts\/494\/revisions\/496"}],"wp:featuredmedia":[{"embeddable":true,"href":"https:\/\/web.infn.it\/GC-Siena\/wp-json\/wp\/v2\/media\/498"}],"wp:attachment":[{"href":"https:\/\/web.infn.it\/GC-Siena\/wp-json\/wp\/v2\/media?parent=494"}],"wp:term":[{"taxonomy":"category","embeddable":true,"href":"https:\/\/web.infn.it\/GC-Siena\/wp-json\/wp\/v2\/categories?post=494"},{"taxonomy":"post_tag","embeddable":true,"href":"https:\/\/web.infn.it\/GC-Siena\/wp-json\/wp\/v2\/tags?post=494"}],"curies":[{"name":"wp","href":"https:\/\/api.w.org\/{rel}","templated":true}]}}