{"id":1457,"date":"2020-11-26T14:27:52","date_gmt":"2020-11-26T13:27:52","guid":{"rendered":"https:\/\/web.infn.it\/RadioLAB\/?p=1457"},"modified":"2024-01-02T14:57:37","modified_gmt":"2024-01-02T13:57:37","slug":"radioattivita-questa-sconosciuta-evento-notte-europea-ricercatori-2020","status":"publish","type":"post","link":"https:\/\/web.infn.it\/RadioLAB\/radioattivita-questa-sconosciuta-evento-notte-europea-ricercatori-2020\/","title":{"rendered":"&#8220;Radioattivit\u00e0: questa sconosciuta! Una chiacchierata con l&#8217;esperto&#8221; &#8211; EVENTO LIVE alla Notte Europea dei Ricercatori"},"content":{"rendered":"\n<p>La <strong>radioattivit\u00e0 <\/strong>\u00e8 considerata un argomento tab\u00f9 da molte persone, che la temono e attribuscono ad essa rischi esagerati. Ma \u00e8 un fenomeno naturale riscontrabile ovunque: in casa, nei cibi, nel proprio corpo, persino nell\u2019aria che respiriamo. Conoscerla, capire come interagisce con il nostro corpo e come misurarla aiuta a discutere in modo pi\u00f9 oggettivo delle problematiche ad essa associate. <strong>Venerd\u00ec 27<\/strong> sera a partire dalle <strong>20:30<\/strong> cercheremo di parlarne con voi attraverso anche le esperiemze che ragazzi di alcune scuole fanno proprio per comprenderne pi\u00f9 a fondo i vari risvolti e implicazioni.<\/p>\n\n\n\n<p><em>Seguite l&#8217;evento su <a href=\"https:\/\/www.youtube.com\/channel\/UCicLfUmQo5dzedmzjtFh6Ww\">YouTube<\/a> e scriveteci sui nostri social (<a href=\"https:\/\/www.facebook.com\/radiolab.infn.c3m\">Facebook<\/a>, <a href=\"https:\/\/www.instagram.com\/radiolab.infn.c3m\/\">Instagram<\/a>e <a href=\"https:\/\/twitter.com\/RadioLab2\">Twitter<\/a>): risponderemo live alle vostre domande!<\/em><\/p>\n\n\n\n<p><strong>Il nostro programma:<\/strong><\/p>\n\n\n\n<p><strong>Ore 20:30<\/strong> \u2013 Inizio della chiacchierata<\/p>\n\n\n\n<p><strong>Introduzione al tema della radioattivit\u00e0 ambientale<\/strong><\/p>\n\n\n\n<p>Speaker: Flavia Groppi (UNIMI &amp; INFN \u2013 Sezione di Milano)<\/p>\n\n\n\n<p><strong>Misure di radioattivit\u00e0 ambientale a scuola: il Progetto RadioLab<\/strong><\/p>\n\n\n\n<p>Gli studenti del Liceo Gjimnazi Themistokli Germenji di Kor\u00e7a in Albania ci guideranno in un laboratorio virtuale sulla misura della radioattivit\u00e0 ambientale.<\/p>\n\n\n\n<p>Esperienze di studenti e docenti di scuola secondaria superiore che hanno partecipato negli anni al progetto RadioLab.<\/p>\n\n\n\n<p><strong>L&#8217;esperienza in diretta di uno Specializzando in Fisica Medica<\/strong><\/p>\n\n\n\n<p>Speaker: Paolo Caricato (UNIMI)<\/p>\n\n\n\n<p><strong>Tavola rotonda<\/strong><\/p>\n\n\n\n<p>Dibattito aperto sul tema. Gli esperti risponderanno a alle vostre domande.<\/p>\n\n\n\n<p><strong>Ore 22:30<\/strong> &#8211; Fine della chiacchierata.<\/p>\n\n\n\n<p>Puoi partecipare alla diretta sul canale <a href=\"https:\/\/www.youtube.com\/channel\/UCicLfUmQo5dzedmzjtFh6Ww\">Youtube INFN Edu Physics<\/a> al seguente link:<\/p>\n\n\n\n<p><a href=\"https:\/\/www.youtube.com\/channel\/UCicLfUmQo5dzedmzjtFh6Ww\">https:\/\/www.youtube.com\/channel\/UCicLfUmQo5dzedmzjtFh6Ww<\/a><\/p>\n\n\n\n<p>Attraverso le chat live di <a href=\"https:\/\/www.youtube.com\/channel\/UCicLfUmQo5dzedmzjtFh6Ww\">Youtube<\/a>, <a href=\"https:\/\/www.facebook.com\/radiolab.infn.c3m\">Facebook<\/a>, <a href=\"https:\/\/www.instagram.com\/radiolab.infn.c3m\/\">Instagram <\/a>e <a href=\"https:\/\/twitter.com\/RadioLab2\">Twitter <\/a>potrete far domande ai nostri esperti che risponderanno in diretta.<\/p>\n\n\n\n<p>Vi aspettiamo numerosi!<\/p>\n\n\n\n<h4 class=\"wp-block-heading\">Il video dell&#8217;evento:<\/h4>\n\n\n\n<figure class=\"wp-block-embed aligncenter is-type-video is-provider-youtube wp-block-embed-youtube wp-embed-aspect-16-9 wp-has-aspect-ratio\"><div class=\"wp-block-embed__wrapper\">\n<iframe loading=\"lazy\" title=\"Radioattivit\u00e0: questa sconosciuta! Una chiacchierata con l&#039;esperto\" width=\"750\" height=\"422\" src=\"https:\/\/www.youtube.com\/embed\/LkxDBNFpBm4?feature=oembed\" frameborder=\"0\" allow=\"accelerometer; autoplay; clipboard-write; encrypted-media; gyroscope; picture-in-picture; web-share\" allowfullscreen><\/iframe>\n<\/div><figcaption class=\"wp-element-caption\"><em>Radioattivit\u00e0: questa sconosciuta! Una chiacchierata con l&#8217;esperto<\/em><\/figcaption><\/figure>\n","protected":false},"excerpt":{"rendered":"<p>La radioattivit\u00e0 \u00e8 considerata un argomento tab\u00f9 da molte persone, che la temono e attribuscono ad essa rischi esagerati. Ma \u00e8 un fenomeno naturale riscontrabile ovunque: in casa, nei cibi, nel proprio corpo, persino nell\u2019aria che respiriamo. Conoscerla, capire come interagisce con il nostro corpo e come misurarla aiuta a [&hellip;]<\/p>\n","protected":false},"author":3,"featured_media":1529,"comment_status":"closed","ping_status":"closed","sticky":false,"template":"","format":"standard","meta":{"om_disable_all_campaigns":false,"_themeisle_gutenberg_block_has_review":false,"footnotes":""},"categories":[18],"tags":[],"class_list":["post-1457","post","type-post","status-publish","format-standard","has-post-thumbnail","hentry","category-milano"],"_links":{"self":[{"href":"https:\/\/web.infn.it\/RadioLAB\/wp-json\/wp\/v2\/posts\/1457","targetHints":{"allow":["GET"]}}],"collection":[{"href":"https:\/\/web.infn.it\/RadioLAB\/wp-json\/wp\/v2\/posts"}],"about":[{"href":"https:\/\/web.infn.it\/RadioLAB\/wp-json\/wp\/v2\/types\/post"}],"author":[{"embeddable":true,"href":"https:\/\/web.infn.it\/RadioLAB\/wp-json\/wp\/v2\/users\/3"}],"replies":[{"embeddable":true,"href":"https:\/\/web.infn.it\/RadioLAB\/wp-json\/wp\/v2\/comments?post=1457"}],"version-history":[{"count":4,"href":"https:\/\/web.infn.it\/RadioLAB\/wp-json\/wp\/v2\/posts\/1457\/revisions"}],"predecessor-version":[{"id":2503,"href":"https:\/\/web.infn.it\/RadioLAB\/wp-json\/wp\/v2\/posts\/1457\/revisions\/2503"}],"wp:featuredmedia":[{"embeddable":true,"href":"https:\/\/web.infn.it\/RadioLAB\/wp-json\/wp\/v2\/media\/1529"}],"wp:attachment":[{"href":"https:\/\/web.infn.it\/RadioLAB\/wp-json\/wp\/v2\/media?parent=1457"}],"wp:term":[{"taxonomy":"category","embeddable":true,"href":"https:\/\/web.infn.it\/RadioLAB\/wp-json\/wp\/v2\/categories?post=1457"},{"taxonomy":"post_tag","embeddable":true,"href":"https:\/\/web.infn.it\/RadioLAB\/wp-json\/wp\/v2\/tags?post=1457"}],"curies":[{"name":"wp","href":"https:\/\/api.w.org\/{rel}","templated":true}]}}