{"id":765,"date":"2020-11-02T19:51:54","date_gmt":"2020-11-02T18:51:54","guid":{"rendered":"https:\/\/web.infn.it\/RadioLAB\/?p=765"},"modified":"2024-01-02T14:58:31","modified_gmt":"2024-01-02T13:58:31","slug":"765-2","status":"publish","type":"post","link":"https:\/\/web.infn.it\/RadioLAB\/765-2\/","title":{"rendered":"RadonDay 2018 &#8211; 7 novembre 2018"},"content":{"rendered":"\n<figure class=\"wp-block-image\"><img loading=\"lazy\" decoding=\"async\" width=\"1500\" height=\"2000\" src=\"https:\/\/web.infn.it\/RadioLAB\/wp-content\/uploads\/2020\/11\/RadonDay-Programma2018-fin_MI.jpg\" alt=\"\" class=\"wp-image-768\" srcset=\"https:\/\/web.infn.it\/RadioLAB\/wp-content\/uploads\/2020\/11\/RadonDay-Programma2018-fin_MI.jpg 1500w, https:\/\/web.infn.it\/RadioLAB\/wp-content\/uploads\/2020\/11\/RadonDay-Programma2018-fin_MI-225x300.jpg 225w, https:\/\/web.infn.it\/RadioLAB\/wp-content\/uploads\/2020\/11\/RadonDay-Programma2018-fin_MI-768x1024.jpg 768w, https:\/\/web.infn.it\/RadioLAB\/wp-content\/uploads\/2020\/11\/RadonDay-Programma2018-fin_MI-1152x1536.jpg 1152w, https:\/\/web.infn.it\/RadioLAB\/wp-content\/uploads\/2020\/11\/RadonDay-Programma2018-fin_MI-1024x1365.jpg 1024w, https:\/\/web.infn.it\/RadioLAB\/wp-content\/uploads\/2020\/11\/RadonDay-Programma2018-fin_MI-810x1080.jpg 810w\" sizes=\"auto, (max-width: 1500px) 100vw, 1500px\" \/><\/figure>\n\n\n\n<p>L&#8217;evento ha visto la partecipazione delle scuole come indicato nella locandina con gli studenti delle due scuole che sono gi\u00e0 attivi all&#8217;interno del progetto hanno presentato il progetto partendo da una&nbsp; introduzione sulla radioattivit\u00e0 naturale e sul &#8220;caso radon&#8221; e la loro esperienza che hanno vissuto durante la summer school ai ragazzi di altre classi che entreranno nel progetto, ai docenti colleghi di altre discipline e a tutti coloro che sono interessati alla tematica e\/o che non sono informati su questi temi.<\/p>\n\n\n\n<p>Fuori programma lo stesso giorno e nelle stesse ore gli studenti del Liceo di Kor\u00e7a, Albania con il loro Prof. Paolo Maggioli hanno avuto un incontro con il Sindaco della cittadina, Sotiraq Filo. In questa occasione i ragazzi hanno presentato il progetto e hanno chiesto ed ottenuto l&#8217;autorizzazione a far partire, attraverso il progetto RadioLab, una campagna di misurazione del Rn-222 nelle stanze del Comune e in uno dei bunker di cui \u00e8 costellata tutta l&#8217;Albania ed anche Kor\u00e7a. C&#8217;\u00e8 stato un collegamento audio e video via whatsapp tra Albania e Milano.<\/p>\n\n\n\n<figure class=\"wp-block-image\"><img loading=\"lazy\" decoding=\"async\" width=\"1032\" height=\"581\" src=\"https:\/\/web.infn.it\/RadioLAB\/wp-content\/uploads\/2020\/11\/Korce_incontro_Sindaco.jpg\" alt=\"\" class=\"wp-image-767\" srcset=\"https:\/\/web.infn.it\/RadioLAB\/wp-content\/uploads\/2020\/11\/Korce_incontro_Sindaco.jpg 1032w, https:\/\/web.infn.it\/RadioLAB\/wp-content\/uploads\/2020\/11\/Korce_incontro_Sindaco-300x169.jpg 300w, https:\/\/web.infn.it\/RadioLAB\/wp-content\/uploads\/2020\/11\/Korce_incontro_Sindaco-1024x576.jpg 1024w, https:\/\/web.infn.it\/RadioLAB\/wp-content\/uploads\/2020\/11\/Korce_incontro_Sindaco-768x432.jpg 768w\" sizes=\"auto, (max-width: 1032px) 100vw, 1032px\" \/><\/figure>\n","protected":false},"excerpt":{"rendered":"<p>L&#8217;evento ha visto la partecipazione delle scuole come indicato nella locandina con gli studenti delle due scuole che sono gi\u00e0 attivi all&#8217;interno del progetto hanno presentato il progetto partendo da una&nbsp; introduzione sulla radioattivit\u00e0 naturale e sul &#8220;caso radon&#8221; e la loro esperienza che hanno vissuto durante la summer school [&hellip;]<\/p>\n","protected":false},"author":3,"featured_media":800,"comment_status":"open","ping_status":"open","sticky":false,"template":"","format":"standard","meta":{"om_disable_all_campaigns":false,"_themeisle_gutenberg_block_has_review":false,"footnotes":""},"categories":[18],"tags":[],"class_list":["post-765","post","type-post","status-publish","format-standard","has-post-thumbnail","hentry","category-milano"],"_links":{"self":[{"href":"https:\/\/web.infn.it\/RadioLAB\/wp-json\/wp\/v2\/posts\/765","targetHints":{"allow":["GET"]}}],"collection":[{"href":"https:\/\/web.infn.it\/RadioLAB\/wp-json\/wp\/v2\/posts"}],"about":[{"href":"https:\/\/web.infn.it\/RadioLAB\/wp-json\/wp\/v2\/types\/post"}],"author":[{"embeddable":true,"href":"https:\/\/web.infn.it\/RadioLAB\/wp-json\/wp\/v2\/users\/3"}],"replies":[{"embeddable":true,"href":"https:\/\/web.infn.it\/RadioLAB\/wp-json\/wp\/v2\/comments?post=765"}],"version-history":[{"count":4,"href":"https:\/\/web.infn.it\/RadioLAB\/wp-json\/wp\/v2\/posts\/765\/revisions"}],"predecessor-version":[{"id":2504,"href":"https:\/\/web.infn.it\/RadioLAB\/wp-json\/wp\/v2\/posts\/765\/revisions\/2504"}],"wp:featuredmedia":[{"embeddable":true,"href":"https:\/\/web.infn.it\/RadioLAB\/wp-json\/wp\/v2\/media\/800"}],"wp:attachment":[{"href":"https:\/\/web.infn.it\/RadioLAB\/wp-json\/wp\/v2\/media?parent=765"}],"wp:term":[{"taxonomy":"category","embeddable":true,"href":"https:\/\/web.infn.it\/RadioLAB\/wp-json\/wp\/v2\/categories?post=765"},{"taxonomy":"post_tag","embeddable":true,"href":"https:\/\/web.infn.it\/RadioLAB\/wp-json\/wp\/v2\/tags?post=765"}],"curies":[{"name":"wp","href":"https:\/\/api.w.org\/{rel}","templated":true}]}}