{"id":778,"date":"2020-11-02T20:18:21","date_gmt":"2020-11-02T19:18:21","guid":{"rendered":"https:\/\/web.infn.it\/RadioLAB\/?p=778"},"modified":"2020-11-03T12:32:16","modified_gmt":"2020-11-03T11:32:16","slug":"festival-della-scienza-a-nizza-monferrato-4-maggio-2019","status":"publish","type":"post","link":"https:\/\/web.infn.it\/RadioLAB\/festival-della-scienza-a-nizza-monferrato-4-maggio-2019\/","title":{"rendered":"Festival della Scienza a Nizza Monferrato &#8211; 4 maggio 2019"},"content":{"rendered":"<p>RADIOLAB sar\u00e0 presente al Festival della Scienza a Nizza Monferrato il 4 maggio 2019.<\/p>\n<p>L&#8217;evento riguarda Il Racconto dell&#8217;Universo nell&#8217;ambito del festival della scienza intitolato &#8220;Nizza \u00e8 Scienza&#8221; durante il quale 6 colleghi si alterneranno nel dipanare, tramite presentazioni al pubblico, la storia delle scoperte scientifiche inerenti alla storia dell&#8217;universo, partendo dal Big Bang fino ad arrivare alla scoperta delle Onde Gravitazionali.<\/p>\n<p>Parallelamente a questo, vengono allestii dei banchetti, rivolti al pubblico, tipicamente a studenti delle scuole, L&#8217;idea \u00e8 di pubblicizzare non solo le attivit\u00e0 specifiche, ma anche l&#8217;esistenza di una rete di istituti e docenti, cui le scuole del territorio possono a loro volta aderire.<\/p>\n<p>In paticolarre RADIOLAB_TO e RADIOLAB_MI saranno presenti con un&#8217;area espositiva, in cui verranno mostrate le finalit\u00e0 del progetto, le attivit\u00e0 di laboratorio e tanti esempi e risultati ottenuti dalle scuole gi\u00e0 inserite nel progetto medesimo.<\/p>\n<p>Per RADIOLAB_MI saranno gli studenti di:<\/p>\n<p>ITIS E. Mattei di San Donato Milanese con la Prof.ssa Anna Bazzocchi e<\/p>\n<p>Liceo Casiraghi di Milano con la Prof.ssa Lucia Battistella.<\/p>\n<p>a fare da primi attori e a confrontarsi con il pubblico e con gli altri coetanei.<\/p>\n<p>Siete tutti invitati a partecipare.<\/p>\n<p><img loading=\"lazy\" decoding=\"async\" class=\"alignnone wp-image-762 size-full\" src=\"https:\/\/web.infn.it\/RadioLAB\/wp-content\/uploads\/2020\/11\/locandina_Scienza_in_Nizza.jpg\" alt=\"\" width=\"866\" height=\"1236\" srcset=\"https:\/\/web.infn.it\/RadioLAB\/wp-content\/uploads\/2020\/11\/locandina_Scienza_in_Nizza.jpg 866w, https:\/\/web.infn.it\/RadioLAB\/wp-content\/uploads\/2020\/11\/locandina_Scienza_in_Nizza-210x300.jpg 210w, https:\/\/web.infn.it\/RadioLAB\/wp-content\/uploads\/2020\/11\/locandina_Scienza_in_Nizza-717x1024.jpg 717w, https:\/\/web.infn.it\/RadioLAB\/wp-content\/uploads\/2020\/11\/locandina_Scienza_in_Nizza-768x1096.jpg 768w, https:\/\/web.infn.it\/RadioLAB\/wp-content\/uploads\/2020\/11\/locandina_Scienza_in_Nizza-757x1080.jpg 757w\" sizes=\"auto, (max-width: 866px) 100vw, 866px\" \/><\/p>\n","protected":false},"excerpt":{"rendered":"<p>RADIOLAB sar\u00e0 presente al Festival della Scienza a Nizza Monferrato il 4 maggio 2019. L&#8217;evento riguarda Il Racconto dell&#8217;Universo nell&#8217;ambito del festival della scienza intitolato &#8220;Nizza \u00e8 Scienza&#8221; durante il quale 6 colleghi si alterneranno nel dipanare, tramite presentazioni al pubblico, la storia delle scoperte scientifiche inerenti alla storia dell&#8217;universo, [&hellip;]<\/p>\n","protected":false},"author":3,"featured_media":798,"comment_status":"open","ping_status":"open","sticky":false,"template":"","format":"standard","meta":{"om_disable_all_campaigns":false,"_themeisle_gutenberg_block_has_review":false,"footnotes":""},"categories":[18],"tags":[],"class_list":["post-778","post","type-post","status-publish","format-standard","has-post-thumbnail","hentry","category-milano"],"_links":{"self":[{"href":"https:\/\/web.infn.it\/RadioLAB\/wp-json\/wp\/v2\/posts\/778","targetHints":{"allow":["GET"]}}],"collection":[{"href":"https:\/\/web.infn.it\/RadioLAB\/wp-json\/wp\/v2\/posts"}],"about":[{"href":"https:\/\/web.infn.it\/RadioLAB\/wp-json\/wp\/v2\/types\/post"}],"author":[{"embeddable":true,"href":"https:\/\/web.infn.it\/RadioLAB\/wp-json\/wp\/v2\/users\/3"}],"replies":[{"embeddable":true,"href":"https:\/\/web.infn.it\/RadioLAB\/wp-json\/wp\/v2\/comments?post=778"}],"version-history":[{"count":1,"href":"https:\/\/web.infn.it\/RadioLAB\/wp-json\/wp\/v2\/posts\/778\/revisions"}],"predecessor-version":[{"id":780,"href":"https:\/\/web.infn.it\/RadioLAB\/wp-json\/wp\/v2\/posts\/778\/revisions\/780"}],"wp:featuredmedia":[{"embeddable":true,"href":"https:\/\/web.infn.it\/RadioLAB\/wp-json\/wp\/v2\/media\/798"}],"wp:attachment":[{"href":"https:\/\/web.infn.it\/RadioLAB\/wp-json\/wp\/v2\/media?parent=778"}],"wp:term":[{"taxonomy":"category","embeddable":true,"href":"https:\/\/web.infn.it\/RadioLAB\/wp-json\/wp\/v2\/categories?post=778"},{"taxonomy":"post_tag","embeddable":true,"href":"https:\/\/web.infn.it\/RadioLAB\/wp-json\/wp\/v2\/tags?post=778"}],"curies":[{"name":"wp","href":"https:\/\/api.w.org\/{rel}","templated":true}]}}