{"id":789,"date":"2020-11-02T20:23:39","date_gmt":"2020-11-02T19:23:39","guid":{"rendered":"https:\/\/web.infn.it\/RadioLAB\/?p=789"},"modified":"2024-01-02T13:59:41","modified_gmt":"2024-01-02T12:59:41","slug":"european-radonday-2020-milano","status":"publish","type":"post","link":"https:\/\/web.infn.it\/RadioLAB\/european-radonday-2020-milano\/","title":{"rendered":"European RadonDay 2020 Milano \u2013 EVENTO ONLINE"},"content":{"rendered":"\n<p>Non si pu\u00f2 mancare un appuntamento cos\u00ec importante come l\u2019anniversario del compleanno di Marie Sklodowska Curie, a cui dobbiamo la scoperta della radioattivit\u00e0 naturale.<\/p>\n\n\n\n<p>La giornata dell\u2019European Radon Day \u00e8 un momento di festa che riunisce tutti coloro che svolgono attivit\u00e0 legate alla radioattivit\u00e0.<\/p>\n\n\n\n<div style=\"height:10px\" aria-hidden=\"true\" class=\"wp-block-spacer\"><\/div>\n\n\n<div class=\"wp-block-image\">\n<figure data-wp-context=\"{&quot;imageId&quot;:&quot;69ef9d423522c&quot;}\" data-wp-interactive=\"core\/image\" data-wp-key=\"69ef9d423522c\" class=\"aligncenter size-full wp-lightbox-container\"><img loading=\"lazy\" decoding=\"async\" width=\"2471\" height=\"2024\" data-wp-class--hide=\"state.isContentHidden\" data-wp-class--show=\"state.isContentVisible\" data-wp-init=\"callbacks.setButtonStyles\" data-wp-on--click=\"actions.showLightbox\" data-wp-on--load=\"callbacks.setButtonStyles\" data-wp-on-window--resize=\"callbacks.setButtonStyles\" src=\"https:\/\/web.infn.it\/RadioLAB\/wp-content\/uploads\/2020\/11\/cartellone-titolo-80x200-2.jpg\" alt=\"\" class=\"wp-image-912\" srcset=\"https:\/\/web.infn.it\/RadioLAB\/wp-content\/uploads\/2020\/11\/cartellone-titolo-80x200-2.jpg 2471w, https:\/\/web.infn.it\/RadioLAB\/wp-content\/uploads\/2020\/11\/cartellone-titolo-80x200-2-300x246.jpg 300w, https:\/\/web.infn.it\/RadioLAB\/wp-content\/uploads\/2020\/11\/cartellone-titolo-80x200-2-1024x839.jpg 1024w, https:\/\/web.infn.it\/RadioLAB\/wp-content\/uploads\/2020\/11\/cartellone-titolo-80x200-2-768x629.jpg 768w, https:\/\/web.infn.it\/RadioLAB\/wp-content\/uploads\/2020\/11\/cartellone-titolo-80x200-2-1536x1258.jpg 1536w, https:\/\/web.infn.it\/RadioLAB\/wp-content\/uploads\/2020\/11\/cartellone-titolo-80x200-2-2048x1678.jpg 2048w, https:\/\/web.infn.it\/RadioLAB\/wp-content\/uploads\/2020\/11\/cartellone-titolo-80x200-2-1319x1080.jpg 1319w\" sizes=\"auto, (max-width: 2471px) 100vw, 2471px\" \/><button\n\t\t\tclass=\"lightbox-trigger\"\n\t\t\ttype=\"button\"\n\t\t\taria-haspopup=\"dialog\"\n\t\t\taria-label=\"Ingrandisci\"\n\t\t\tdata-wp-init=\"callbacks.initTriggerButton\"\n\t\t\tdata-wp-on--click=\"actions.showLightbox\"\n\t\t\tdata-wp-style--right=\"state.imageButtonRight\"\n\t\t\tdata-wp-style--top=\"state.imageButtonTop\"\n\t\t>\n\t\t\t<svg xmlns=\"http:\/\/www.w3.org\/2000\/svg\" width=\"12\" height=\"12\" fill=\"none\" viewBox=\"0 0 12 12\">\n\t\t\t\t<path fill=\"#fff\" d=\"M2 0a2 2 0 0 0-2 2v2h1.5V2a.5.5 0 0 1 .5-.5h2V0H2Zm2 10.5H2a.5.5 0 0 1-.5-.5V8H0v2a2 2 0 0 0 2 2h2v-1.5ZM8 12v-1.5h2a.5.5 0 0 0 .5-.5V8H12v2a2 2 0 0 1-2 2H8Zm2-12a2 2 0 0 1 2 2v2h-1.5V2a.5.5 0 0 0-.5-.5H8V0h2Z\" \/>\n\t\t\t<\/svg>\n\t\t<\/button><\/figure>\n<\/div>\n\n\n<div style=\"height:30px\" aria-hidden=\"true\" class=\"wp-block-spacer\"><\/div>\n\n\n\n<p>\u00c8 ormai tradizione di tutti noi membri del progetto RADIOLAB organizzare un evento comune a tutte le Sezioni INFN che vede in una atmosfera di grande festa la partecipazione degli studenti delle scuole coinvolte e che svolgono il progetto presentare quanto realizzato a studenti di altre scuole o alla popolazione, nonch\u00e9 in alcuni casi anche alle autorit\u00e0 locali.<\/p>\n\n\n\n<p>Nonostante tutto, anche quest\u2019anno la Sezione INFN di Milano non ha voluto saltare l\u2019appuntamento e ha organizzato l\u2019evento in modalit\u00e0 remota, senza per\u00f2 rinunciare ai valori fondamentali dell\u2019evento stesso.<\/p>\n\n\n\n<p>Cos\u00ec con grande entusiasmo sia i ragazzi sia gli insegnanti si sono impegnati a registrare video e a produrre immagini che raccontino la loro esperienza per condividerla con tutti coloro che avranno il piacere di collegarsi e far visita alla nostra festa virtuale.<\/p>\n\n\n\n<div style=\"height:30px\" aria-hidden=\"true\" class=\"wp-block-spacer\"><\/div>\n\n\n\n<h3 class=\"wp-block-heading has-text-align-center\">Il prof. Muttoni del Dipartimento di Scienza della Terra dell\u2019Universit\u00e0 degli Studi di Milano<\/h3>\n\n\n\n<div style=\"height:10px\" aria-hidden=\"true\" class=\"wp-block-spacer\"><\/div>\n\n\n\n<figure class=\"wp-block-embed aligncenter is-type-video is-provider-youtube wp-block-embed-youtube wp-embed-aspect-16-9 wp-has-aspect-ratio\"><div class=\"wp-block-embed__wrapper\">\n<iframe loading=\"lazy\" title=\"Le rocce pi\u00f9 antiche della Terra raccontate dal prof. Giovanni Muttoni\" width=\"750\" height=\"422\" src=\"https:\/\/www.youtube.com\/embed\/5klTRzClZPA?feature=oembed\" frameborder=\"0\" allow=\"accelerometer; autoplay; clipboard-write; encrypted-media; gyroscope; picture-in-picture; web-share\" allowfullscreen><\/iframe>\n<\/div><figcaption class=\"wp-element-caption\"><em>Le rocce pi\u00f9 antiche della Terra raccontate dal prof. Giovanni Muttoni<\/em><\/figcaption><\/figure>\n\n\n\n<div style=\"height:10px\" aria-hidden=\"true\" class=\"wp-block-spacer\"><\/div>\n\n\n\n<p>Si comincia con una presentazione del Prof. Muttoni del Dipartimento di Scienza della Terra dell\u2019Universit\u00e0 degli Studi di Milano, che ci parler\u00e0 delle rocce pi\u00f9 antiche presenti sulla Terra che ci permettono di risalire all\u2019et\u00e0 di formazione della Terra stessa.<\/p>\n\n\n\n<div style=\"height:30px\" aria-hidden=\"true\" class=\"wp-block-spacer\"><\/div>\n\n\n\n<h3 class=\"wp-block-heading has-text-align-center\">Anna Bazzocchi dall\u2019Istituto Mattei\u00a0di San Donato Milanese<\/h3>\n\n\n\n<div style=\"height:10px\" aria-hidden=\"true\" class=\"wp-block-spacer\"><\/div>\n\n\n\n<figure class=\"wp-block-embed aligncenter is-type-video is-provider-youtube wp-block-embed-youtube wp-embed-aspect-16-9 wp-has-aspect-ratio\"><div class=\"wp-block-embed__wrapper\">\n<iframe loading=\"lazy\" title=\"Il Progetto RadioLab al Mattei di San Donato (raccontato da Anna Bazzocchi)\" width=\"750\" height=\"422\" src=\"https:\/\/www.youtube.com\/embed\/6JjB2Z9fyiE?feature=oembed\" frameborder=\"0\" allow=\"accelerometer; autoplay; clipboard-write; encrypted-media; gyroscope; picture-in-picture; web-share\" allowfullscreen><\/iframe>\n<\/div><figcaption class=\"wp-element-caption\"><em>Il Progetto RadioLab al Mattei di San Donato (raccontato da Anna Bazzocchi)<\/em><\/figcaption><\/figure>\n\n\n\n<div style=\"height:10px\" aria-hidden=\"true\" class=\"wp-block-spacer\"><\/div>\n\n\n\n<p>E in un caleidoscopio incontriamo la docente di Fisica dell\u2019Istituto Mattei di San Donato Milanese che ci illustra il progetto RadioLab dal punto di vista di un insegnante.<\/p>\n\n\n\n<div style=\"height:30px\" aria-hidden=\"true\" class=\"wp-block-spacer\"><\/div>\n\n\n\n<h3 class=\"wp-block-heading has-text-align-center\">I ragazzi dell\u2019Istituto Alberti di Bormio raccontano la loro esperienza<\/h3>\n\n\n\n<div style=\"height:10px\" aria-hidden=\"true\" class=\"wp-block-spacer\"><\/div>\n\n\n\n<div class=\"wp-block-columns is-layout-flex wp-container-core-columns-is-layout-28f84493 wp-block-columns-is-layout-flex\">\n<div class=\"wp-block-column is-layout-flow wp-block-column-is-layout-flow\">\n<figure class=\"wp-block-embed alignleft is-type-video is-provider-youtube wp-block-embed-youtube wp-embed-aspect-16-9 wp-has-aspect-ratio\"><div class=\"wp-block-embed__wrapper\">\n<iframe loading=\"lazy\" title=\"Il RadonDay 2019 vissuto dai ragazzi dell&#039;Istituto Alberti di Bormio\" width=\"750\" height=\"422\" src=\"https:\/\/www.youtube.com\/embed\/tcfJpy6M9Ns?feature=oembed\" frameborder=\"0\" allow=\"accelerometer; autoplay; clipboard-write; encrypted-media; gyroscope; picture-in-picture; web-share\" allowfullscreen><\/iframe>\n<\/div><figcaption class=\"wp-element-caption\"><em>Il RadonDay 2019 vissuto dai ragazzi dell&#8217;Istituto Alberti di Bormio<\/em><\/figcaption><\/figure>\n<\/div>\n\n\n\n<div class=\"wp-block-column is-layout-flow wp-block-column-is-layout-flow\">\n<figure class=\"wp-block-embed alignright is-type-video is-provider-youtube wp-block-embed-youtube wp-embed-aspect-16-9 wp-has-aspect-ratio\"><div class=\"wp-block-embed__wrapper\">\n<iframe loading=\"lazy\" title=\"La particolare realt\u00e0 geologica del territorio di Bormio - l&#039;Istituto Alberti per RadioLab)\" width=\"750\" height=\"422\" src=\"https:\/\/www.youtube.com\/embed\/5tohy7evJTM?feature=oembed\" frameborder=\"0\" allow=\"accelerometer; autoplay; clipboard-write; encrypted-media; gyroscope; picture-in-picture; web-share\" allowfullscreen><\/iframe>\n<\/div><figcaption class=\"wp-element-caption\"><em>La particolare realt\u00e0 geologica del territorio di Bormio &#8211; l&#8217;Istituto Alberti per RadioLab<\/em><\/figcaption><\/figure>\n<\/div>\n<\/div>\n\n\n\n<div style=\"height:10px\" aria-hidden=\"true\" class=\"wp-block-spacer\"><\/div>\n\n\n\n<p>I ragazzi del Liceo di Bormio ci presentano come hanno vissuto il progetto RadioLab in una realt\u00e0 particolare legata alla geologia del loro territorio.<\/p>\n\n\n\n<div style=\"height:30px\" aria-hidden=\"true\" class=\"wp-block-spacer\"><\/div>\n\n\n\n<h3 class=\"wp-block-heading has-text-align-center\">Uno speciale saluto dai nostri ragazzi di Kor\u00e7a (Albania)<\/h3>\n\n\n\n<div style=\"height:10px\" aria-hidden=\"true\" class=\"wp-block-spacer\"><\/div>\n\n\n\n<figure class=\"wp-block-embed aligncenter is-type-video is-provider-youtube wp-block-embed-youtube wp-embed-aspect-16-9 wp-has-aspect-ratio\"><div class=\"wp-block-embed__wrapper\">\n<iframe loading=\"lazy\" title=\"Gli studenti del Gjimnazi Themistokli Germenji di Kor\u00e7a per il Progetto RadioLab\" width=\"750\" height=\"422\" src=\"https:\/\/www.youtube.com\/embed\/glG1oR7-Mpw?feature=oembed\" frameborder=\"0\" allow=\"accelerometer; autoplay; clipboard-write; encrypted-media; gyroscope; picture-in-picture; web-share\" allowfullscreen><\/iframe>\n<\/div><figcaption class=\"wp-element-caption\"><em>Gli studenti del Gjimnazi Themistokli Germenji di Kor\u00e7a per il Progetto RadioLab<\/em><\/figcaption><\/figure>\n\n\n\n<div style=\"height:10px\" aria-hidden=\"true\" class=\"wp-block-spacer\"><\/div>\n\n\n\n<p>Il nostro progetto ha superato i confini italiani arrivando a coinvolgere i ragazzi del Liceo Gjimnazi Themistokli Germenji di Kor\u00e7a in Albania. Sin dall&#8217;inizio della loro avventura si sono sentiti parte integrante della comunit\u00e0 degli studenti italiani partecipanti a RadioLab.<\/p>\n\n\n\n<div style=\"height:30px\" aria-hidden=\"true\" class=\"wp-block-spacer\"><\/div>\n\n\n\n<h3 class=\"wp-block-heading has-text-align-center\">E in conclusione\u2026<br>Una breve preview della mostra permanente\u00a0<a href=\"https:\/\/web.infn.it\/RadioLAB\/al-via-la-mostra-permanente-marie-curie-14-dicembre-2018\/\">\u201cMarie Curie\u201d<\/a> al Curie Sraffa di Milano<\/h3>\n\n\n\n<div style=\"height:10px\" aria-hidden=\"true\" class=\"wp-block-spacer\"><\/div>\n\n\n\n<figure class=\"wp-block-embed aligncenter is-type-video is-provider-youtube wp-block-embed-youtube wp-embed-aspect-16-9 wp-has-aspect-ratio\"><div class=\"wp-block-embed__wrapper\">\n<iframe loading=\"lazy\" title=\"La mostra &quot;Marie Curie&quot; curata dagli studenti del Curie Sraffa (Milano) raccontata in breve\" width=\"750\" height=\"422\" src=\"https:\/\/www.youtube.com\/embed\/yNF7h12RLfg?feature=oembed\" frameborder=\"0\" allow=\"accelerometer; autoplay; clipboard-write; encrypted-media; gyroscope; picture-in-picture; web-share\" allowfullscreen><\/iframe>\n<\/div><figcaption class=\"wp-element-caption\"><em>La mostra &#8220;Marie Curie&#8221; curata dagli studenti del Curie Sraffa (Milano) raccontata in breve<\/em><\/figcaption><\/figure>\n\n\n\n<div style=\"height:10px\" aria-hidden=\"true\" class=\"wp-block-spacer\"><\/div>\n\n\n\n<p>Dal Liceo Curie Sraffa di Milano gli studenti, nonch\u00e9 curatori, presentano l\u2019inaugurazione della Mostra permanente che hanno realizzato presso il loro liceo in memoria ed in onore di Marie Curie a cui \u00e8 dedicata la loro scuola. Un viaggio attraverso la vita di Marie Curie e la loro esperienza con il progetto RadioLab.<\/p>\n\n\n\n<div style=\"height:50px\" aria-hidden=\"true\" class=\"wp-block-spacer\"><\/div>\n\n\n\n<h2 class=\"wp-block-heading has-text-align-center\"><strong>La tua opinione per noi \u00e8 fondamentale!<\/strong><\/h2>\n\n\n\n<h3 class=\"wp-block-heading has-text-align-center\">\u2026e le statistiche sono pane per i nostri denti!<\/h3>\n\n\n\n<p>Compila i nostri <a href=\"https:\/\/web.infn.it\/RadioLAB\/i-nostri-questionari-per-te\/\" title=\"I nostri questionari per te\">questionari<\/a>: ti basteranno pochi minuti.<\/p>\n\n\n\n<p>1)&nbsp;<a href=\"https:\/\/docs.google.com\/forms\/d\/e\/1FAIpQLSfJquXTXz8VwDiQ8Kyajv6hsdeMWG5dVyRt-bd-JX8QsEclnw\/viewform\">Conosci il Radon?<\/a><\/p>\n\n\n\n<p>2)&nbsp;<a href=\"https:\/\/docs.google.com\/forms\/d\/1EeSKhCWu9qPiTscEP5HrCOEERoD7wgBGggKrXtn4TbQ\/viewform?edit_requested=true\">RADIOLAB \u2013 Gradimento evento<\/a><\/p>\n\n\n\n<p>3)&nbsp;<a href=\"https:\/\/docs.google.com\/forms\/d\/e\/1FAIpQLSdvpBA1g8wCRCqTSVZXPaqW45ELDRdSl_e4TkeUaVQAG9EpiA\/viewform?usp=sf_link\">Percezione del rischio da radiazioni<\/a><\/p>\n\n\n\n<p>4)&nbsp;<a href=\"https:\/\/docs.google.com\/forms\/d\/e\/1FAIpQLSdH1KAO9WXrERB2U2oaqdBJaqMdhir0OStdLREdkOVeHyajFQ\/viewform\">Genere e STEM<\/a><\/p>\n\n\n\n<h2 class=\"wp-block-heading has-text-align-center\"><br>E ora cosa aspetti?<\/h2>\n\n\n\n<p>Aderisci al nostro progetto! Compila questo form online:<\/p>\n\n\n\n<p><a href=\"https:\/\/docs.google.com\/forms\/d\/e\/1FAIpQLSf2u1BwVUcx8XhA2phEYoCG04kvSnlXmCduCgKaFuP8DOSpPQ\/viewform?usp=sf_link\">RADIOLAB \u2013 MODULO DI ADESIONE<\/a><br>(riservato ai docenti)<\/p>\n\n\n\n<p>e vaglieremo la tua candidatura.<\/p>\n\n\n\n<p>Per qualsiasi domanda, contattaci all&#8217;indirizzo:\u00a0<em><strong>RadioLab.mi@mi.infn.it\u00a0<\/strong><\/em><\/p>\n\n\n\n<div style=\"height:20px\" aria-hidden=\"true\" class=\"wp-block-spacer\"><\/div>\n\n\n\n<div class=\"wp-block-group\"><div class=\"wp-block-group__inner-container is-layout-constrained wp-block-group-is-layout-constrained\">\n<div style=\"height:50px\" aria-hidden=\"true\" class=\"wp-block-spacer\"><\/div>\n\n\n\n<figure class=\"wp-block-pullquote has-medium-font-size\"><blockquote><p>Niente nella vita va temuto, dev\u2019essere solamente compreso.<\/p><cite><code>Marie Curie<\/code><\/cite><\/blockquote><\/figure>\n\n\n\n<div style=\"height:50px\" aria-hidden=\"true\" class=\"wp-block-spacer\"><\/div>\n<\/div><\/div>\n","protected":false},"excerpt":{"rendered":"<p>Non si pu\u00f2 mancare un appuntamento cos\u00ec importante come l\u2019anniversario del compleanno di Marie Sklodowska Curie, a cui dobbiamo la scoperta della radioattivit\u00e0 naturale. La giornata dell\u2019European Radon Day \u00e8 un momento di festa che riunisce tutti coloro che svolgono attivit\u00e0 legate alla radioattivit\u00e0. \u00c8 ormai tradizione di tutti noi [&hellip;]<\/p>\n","protected":false},"author":3,"featured_media":750,"comment_status":"open","ping_status":"open","sticky":false,"template":"","format":"standard","meta":{"om_disable_all_campaigns":false,"_themeisle_gutenberg_block_has_review":false,"footnotes":""},"categories":[18],"tags":[],"class_list":["post-789","post","type-post","status-publish","format-standard","has-post-thumbnail","hentry","category-milano"],"_links":{"self":[{"href":"https:\/\/web.infn.it\/RadioLAB\/wp-json\/wp\/v2\/posts\/789","targetHints":{"allow":["GET"]}}],"collection":[{"href":"https:\/\/web.infn.it\/RadioLAB\/wp-json\/wp\/v2\/posts"}],"about":[{"href":"https:\/\/web.infn.it\/RadioLAB\/wp-json\/wp\/v2\/types\/post"}],"author":[{"embeddable":true,"href":"https:\/\/web.infn.it\/RadioLAB\/wp-json\/wp\/v2\/users\/3"}],"replies":[{"embeddable":true,"href":"https:\/\/web.infn.it\/RadioLAB\/wp-json\/wp\/v2\/comments?post=789"}],"version-history":[{"count":7,"href":"https:\/\/web.infn.it\/RadioLAB\/wp-json\/wp\/v2\/posts\/789\/revisions"}],"predecessor-version":[{"id":2494,"href":"https:\/\/web.infn.it\/RadioLAB\/wp-json\/wp\/v2\/posts\/789\/revisions\/2494"}],"wp:featuredmedia":[{"embeddable":true,"href":"https:\/\/web.infn.it\/RadioLAB\/wp-json\/wp\/v2\/media\/750"}],"wp:attachment":[{"href":"https:\/\/web.infn.it\/RadioLAB\/wp-json\/wp\/v2\/media?parent=789"}],"wp:term":[{"taxonomy":"category","embeddable":true,"href":"https:\/\/web.infn.it\/RadioLAB\/wp-json\/wp\/v2\/categories?post=789"},{"taxonomy":"post_tag","embeddable":true,"href":"https:\/\/web.infn.it\/RadioLAB\/wp-json\/wp\/v2\/tags?post=789"}],"curies":[{"name":"wp","href":"https:\/\/api.w.org\/{rel}","templated":true}]}}