{"id":1521,"date":"2023-05-23T14:21:00","date_gmt":"2023-05-23T12:21:00","guid":{"rendered":"https:\/\/web.infn.it\/TechTransfer\/?p=1521"},"modified":"2025-02-10T12:02:15","modified_gmt":"2025-02-10T11:02:15","slug":"laboratori-nazionali-del-gran-sasso-avvio-della-fase-operativa-del-progetto-infn-dedicato-al-trasferimento-tecnologico","status":"publish","type":"post","link":"https:\/\/web.infn.it\/TechTransfer\/laboratori-nazionali-del-gran-sasso-avvio-della-fase-operativa-del-progetto-infn-dedicato-al-trasferimento-tecnologico\/","title":{"rendered":"Laboratori Nazionali del Gran Sasso: avvio della fase operativa del progetto INFN dedicato al trasferimento tecnologico"},"content":{"rendered":"\r\n<p class=\"has-medium-font-size\">\u00a0<\/p>\r\n\r\n\r\n\r\n<p>&nbsp;<\/p>\r\n\r\n\r\n\r\n<p>L\u2019Aquila, 23 maggio 2023 \u2013 Si \u00e8 svolto oggi, presso i Laboratori Nazionali del Gran Sasso, l\u2019evento di lancio della fase operativa di INFN.<em>Open\u00a0<\/em>(Open INnovation from Fundamental Nuclear research), progetto il cui obiettivo \u00e8 mettere a disposizione della societ\u00e0, e in particolare del mondo produttivo, il ricchissimo patrimonio di tecnologie messe a punto dall&#8217;Istituto Nazionale di Fisica Nucleare nella realizzazione dei suoi obiettivi di ricerca.<\/p>\r\n\r\n\r\n\r\n<p><em>\u201cIl trasferimento di tecnologia e know-how dagli enti di ricerca a vari soggetti espressione del mondo dell\u2019economia \u00e8 fondamentale per aumentare l\u2019innovazione e la competitivit\u00e0 della comunit\u00e0 economica sul mercato nazionale ed internazionale<\/em>\u00a0\u2013 ha affermato Mariangela Cestelli Guidi, Coordinatrice del Comitato nazionale INFN per il trasferimento tecnologico \u2013\u00a0<em>In quest\u2019ottica, l\u2019avvio del progetto INFN.Open rappresenta un\u2019importante opportunit\u00e0 per potenziare la capacit\u00e0 dell\u2019INFN di produrre innovazione attraverso strumenti specifici per ottimizzare la gestione dei processi di trasferimento tecnologico verso il sistema delle imprese.\u201d<\/em><\/p>\r\n\r\n\r\n\r\n<p>L\u2019incontro ha visto la partecipazione della comunit\u00e0 dei referenti per il trasferimento tecnologico dell\u2019INFN, di diversi rappresentanti di Istituzioni e Aziende, e del Direttore Generale dell\u2019Agenzia per la Coesione Territoriale, Riccardo Monaco, che &#8211; commentando l\u2019alto valore strategico dell\u2019accordo con l\u2019INFN nel quadro del Programma di finanziamento dell\u2019iniziativa &#8211; ha dichiarato: \u201c<em>Coerentemente con gli obiettivi indicati nell\u2019Accordo di Partenariato 2021-2027 in tema di ricerca e innovazione, il progetto rappresenta una grande occasione di collaborazione istituzionale tra la politica di coesione e la ricerca scientifica, capace di diffondere al mondo delle imprese le potenzialit\u00e0 contenute nell\u2019attivit\u00e0 dell\u2019Istituto Nazionale di Fisica Nucleare e sostenere lo sviluppo di tecnologie all\u2019avanguardia che avranno un impatto altissimo sulla crescita, la competitivit\u00e0 e l\u2019innovazione del tessuto industriale del Paese<\/em>\u201d.<\/p>\r\n\r\n\r\n\r\n<p>Gli interventi che si sono susseguiti nel corso della mattinata hanno rappresentato un momento di confronto su organizzazione, procedure e azioni che saranno messe in campo per il raggiungimento degli obiettivi specifici del progetto.<\/p>\r\n\r\n\r\n\r\n<p>&nbsp;<\/p>\r\n\r\n\r\n\r\n<figure class=\"wp-block-image size-full\"><img loading=\"lazy\" decoding=\"async\" width=\"580\" height=\"326\" class=\"wp-image-1524\" src=\"https:\/\/web.infn.it\/TechTransfer\/wp-content\/uploads\/2024\/04\/lavori_infn.open-low.jpg\" alt=\"\" srcset=\"https:\/\/web.infn.it\/TechTransfer\/wp-content\/uploads\/2024\/04\/lavori_infn.open-low.jpg 580w, https:\/\/web.infn.it\/TechTransfer\/wp-content\/uploads\/2024\/04\/lavori_infn.open-low-300x169.jpg 300w, https:\/\/web.infn.it\/TechTransfer\/wp-content\/uploads\/2024\/04\/lavori_infn.open-low-539x303.jpg 539w, https:\/\/web.infn.it\/TechTransfer\/wp-content\/uploads\/2024\/04\/lavori_infn.open-low-100x56.jpg 100w\" sizes=\"auto, (max-width: 580px) 100vw, 580px\" \/><\/figure>\r\n\r\n\r\n\r\n<p>&nbsp;<\/p>\r\n\r\n\r\n\r\n<p><em>\u201cCome LNGS siamo particolarmente contenti di aver ospitato l\u2019evento inaugurale del progetto INFN.Open<\/em>\u00a0\u2013 ha commentato Ezio Previtali, Direttore dei Laboratori Nazionali del Gran Sasso \u2013\u00a0<em>La ricerca fondamentale \u00e8 per i Laboratori del Gran Sasso una sfida continua alla scoperta dei segreti della natura. Le attivit\u00e0 TT che il progetto INFN.Open andr\u00e0 a supportare consentiranno ai Laboratori di confrontarsi meglio con le realt\u00e0 imprenditoriali che sono spesso destinatarie della tecnologia di frontiera che quotidianamente sviluppiamo.\u201d<\/em><\/p>\r\n\r\n\r\n\r\n<p>La tavola rotonda, coordinata dal dott. Bernardo Giua Marassi, Responsabile delle Relazioni Industriali di Sanofi Italia, \u00e8 stata l\u2019occasione per discutere sul tema \u201cDalla ricerca fondamentale alle innovazioni, fino alle collaborazioni con il mondo produttivo\u201d. Alla tavola rotonda, oltre a Mariangela Cestelli Guidi per l\u2019INFN, hanno preso parte Lino Olivastri, Vicepresidente nazionale CNCT &#8211; Confindustria Servizi Innovativi e Tecnologici; Daniele D\u2019Amario, Assessore regionale con deleghe alle attivit\u00e0 produttive, turismo, beni e attivit\u00e0 culturali; Stefano Greco, Responsabile Competence Center Innovazione, Venture Capital e No Profit di Cassa di Depositi e Prestiti e Riccardo D\u2019Alessandri, Managing Partner, Scientifica Venture Capital.<\/p>\r\n\r\n\r\n\r\n<p>Grande soddisfazione da parte di tutti gli attori coinvolti all\u2019incontro che ha permesso di riflettere sull\u2019importanza del trasferimento tecnologico e sull\u2019impatto che pu\u00f2 produrre sulla societ\u00e0 civile e industriale.<\/p>\r\n\r\n\r\n\r\n<p>&nbsp;<\/p>\r\n\r\n\r\n\r\n<figure class=\"wp-block-image size-full is-resized\"><img loading=\"lazy\" decoding=\"async\" width=\"850\" height=\"478\" class=\"wp-image-1525\" style=\"width: 628px; height: auto;\" src=\"https:\/\/web.infn.it\/TechTransfer\/wp-content\/uploads\/2024\/04\/lavori-23.5.23jpg.jpg\" alt=\"\" srcset=\"https:\/\/web.infn.it\/TechTransfer\/wp-content\/uploads\/2024\/04\/lavori-23.5.23jpg.jpg 850w, https:\/\/web.infn.it\/TechTransfer\/wp-content\/uploads\/2024\/04\/lavori-23.5.23jpg-300x169.jpg 300w, https:\/\/web.infn.it\/TechTransfer\/wp-content\/uploads\/2024\/04\/lavori-23.5.23jpg-768x432.jpg 768w, https:\/\/web.infn.it\/TechTransfer\/wp-content\/uploads\/2024\/04\/lavori-23.5.23jpg-700x394.jpg 700w, https:\/\/web.infn.it\/TechTransfer\/wp-content\/uploads\/2024\/04\/lavori-23.5.23jpg-539x303.jpg 539w, https:\/\/web.infn.it\/TechTransfer\/wp-content\/uploads\/2024\/04\/lavori-23.5.23jpg-100x56.jpg 100w\" sizes=\"auto, (max-width: 850px) 100vw, 850px\" \/><\/figure>\r\n\r\n\r\n\r\n<h2 class=\"wp-block-heading\">\u00a0<\/h2>\r\n<h2 class=\"wp-block-heading\"><strong>Il progetto INFN Open<\/strong><\/h2>\r\n\r\n\r\n\r\n<p><a href=\"http:\/\/www.pongovernance1420.gov.it\/it\/infn-open-il-23-maggio-levento-di-lancio-del-progetto-open-innovation-from-fundamental-nuclear-research\/\">INFN<em>.Open<\/em><\/a>, finanziato con circa 1,7 milioni di euro nell\u2019ambito del Programma Azione Coesione Complementare al PON &#8220;Governance e Capacit\u00e0 Istituzionale&#8221; 2014-2020-ASSE 2 -Obiettivo Specifico 2.1 &#8211; Azione 2.1., \u00e8 un progetto a carattere nazionale nel quale i Laboratori Nazionali del Gran Sasso (LNGS) dell\u2019INFN costituiscono l\u2019hub nazionale di intervento.<\/p>\r\n\r\n\r\n\r\n<p>I LNGS, grazie alle loro caratteristiche, sono una delle poche infrastrutture di ricerca italiane classificate a impatto \u201cGlobale\u201d all\u2019interno del Piano Nazionale per le Infrastrutture di Ricerca (PNIR) 2021-2027, pubblicato dal Ministero dell\u2019Universit\u00e0 e della Ricerca come parte integrante del Programma Nazionale della Ricerca (PNR), rappresentano quindi un ambiente ideale per lo sviluppo di un progetto come INFN.Open.<\/p>\r\n\r\n\r\n\r\n<p>Programma Complementare al PON Governance e Capacit\u00e0 Istituzionale 2014-2020 -ASSE 2 -Obiettivo Specifico 2.1 &#8211; Azione 2.1.1 finanziato dall\u2019Agenzia per la Coesione Territoriale &#8211;\u00a0<strong>CUP: I55F21002820007<\/strong><\/p>\r\n\r\n\r\n\r\n<p>&nbsp;<\/p>\r\n\r\n\r\n\r\n<p>&nbsp;<\/p>\r\n","protected":false},"excerpt":{"rendered":"<p>\u00a0 &nbsp; L\u2019Aquila, 23 maggio 2023 \u2013 Si \u00e8 svolto oggi, presso i Laboratori Nazionali del Gran Sasso, l\u2019evento di lancio della fase operativa di INFN.Open\u00a0(Open INnovation from Fundamental Nuclear research), progetto il cui obiettivo \u00e8 mettere a disposizione della societ\u00e0, e in particolare del&#8230;<\/p>\n","protected":false},"author":1,"featured_media":1525,"comment_status":"closed","ping_status":"closed","sticky":false,"template":"","format":"standard","meta":{"_acf_changed":false,"footnotes":""},"categories":[162,146],"tags":[],"class_list":["post-1521","post","type-post","status-publish","format-standard","has-post-thumbnail","hentry","category-03-dietro-le-quinte-dellinnovazione","category-04-infn-open"],"acf":[],"yoast_head":"<!-- This site is optimized with the Yoast SEO plugin v27.4 - https:\/\/yoast.com\/product\/yoast-seo-wordpress\/ -->\n<title>Laboratori Nazionali del Gran Sasso: avvio della fase operativa del progetto INFN dedicato al trasferimento tecnologico - TechTransfer INFN<\/title>\n<meta name=\"robots\" content=\"index, follow, max-snippet:-1, max-image-preview:large, max-video-preview:-1\" \/>\n<link rel=\"canonical\" href=\"https:\/\/web.infn.it\/TechTransfer\/laboratori-nazionali-del-gran-sasso-avvio-della-fase-operativa-del-progetto-infn-dedicato-al-trasferimento-tecnologico\/\" \/>\n<meta property=\"og:locale\" content=\"it_IT\" \/>\n<meta property=\"og:type\" content=\"article\" \/>\n<meta property=\"og:title\" content=\"Laboratori Nazionali del Gran Sasso: avvio della fase operativa del progetto INFN dedicato al trasferimento tecnologico - TechTransfer INFN\" \/>\n<meta property=\"og:description\" content=\"\u00a0 &nbsp; L\u2019Aquila, 23 maggio 2023 \u2013 Si \u00e8 svolto oggi, presso i Laboratori Nazionali del Gran Sasso, l\u2019evento di lancio della fase operativa di INFN.Open\u00a0(Open INnovation from Fundamental Nuclear research), progetto il cui obiettivo \u00e8 mettere a disposizione della societ\u00e0, e in particolare del...\" \/>\n<meta property=\"og:url\" content=\"https:\/\/web.infn.it\/TechTransfer\/laboratori-nazionali-del-gran-sasso-avvio-della-fase-operativa-del-progetto-infn-dedicato-al-trasferimento-tecnologico\/\" \/>\n<meta property=\"og:site_name\" content=\"TechTransfer INFN\" \/>\n<meta property=\"article:publisher\" content=\"https:\/\/www.facebook.com\/IstitutoFisicaNucleare\/\" \/>\n<meta property=\"article:published_time\" content=\"2023-05-23T12:21:00+00:00\" \/>\n<meta property=\"article:modified_time\" content=\"2025-02-10T11:02:15+00:00\" \/>\n<meta property=\"og:image\" content=\"https:\/\/web.infn.it\/TechTransfer\/wp-content\/uploads\/2024\/04\/lavori-23.5.23jpg.jpg\" \/>\n\t<meta property=\"og:image:width\" content=\"850\" \/>\n\t<meta property=\"og:image:height\" content=\"478\" \/>\n\t<meta property=\"og:image:type\" content=\"image\/jpeg\" \/>\n<meta name=\"author\" content=\"admin\" \/>\n<meta name=\"twitter:card\" content=\"summary_large_image\" \/>\n<meta name=\"twitter:label1\" content=\"Scritto da\" \/>\n\t<meta name=\"twitter:data1\" content=\"admin\" \/>\n\t<meta name=\"twitter:label2\" content=\"Tempo di lettura stimato\" \/>\n\t<meta name=\"twitter:data2\" content=\"4 minuti\" \/>\n<script type=\"application\/ld+json\" class=\"yoast-schema-graph\">{\"@context\":\"https:\\\/\\\/schema.org\",\"@graph\":[{\"@type\":\"Article\",\"@id\":\"https:\\\/\\\/web.infn.it\\\/TechTransfer\\\/laboratori-nazionali-del-gran-sasso-avvio-della-fase-operativa-del-progetto-infn-dedicato-al-trasferimento-tecnologico\\\/#article\",\"isPartOf\":{\"@id\":\"https:\\\/\\\/web.infn.it\\\/TechTransfer\\\/laboratori-nazionali-del-gran-sasso-avvio-della-fase-operativa-del-progetto-infn-dedicato-al-trasferimento-tecnologico\\\/\"},\"author\":{\"name\":\"admin\",\"@id\":\"https:\\\/\\\/web.infn.it\\\/TechTransfer\\\/#\\\/schema\\\/person\\\/d631d48f396e18da932b1ce1ca31a50e\"},\"headline\":\"Laboratori Nazionali del Gran Sasso: avvio della fase operativa del progetto INFN dedicato al trasferimento tecnologico\",\"datePublished\":\"2023-05-23T12:21:00+00:00\",\"dateModified\":\"2025-02-10T11:02:15+00:00\",\"mainEntityOfPage\":{\"@id\":\"https:\\\/\\\/web.infn.it\\\/TechTransfer\\\/laboratori-nazionali-del-gran-sasso-avvio-della-fase-operativa-del-progetto-infn-dedicato-al-trasferimento-tecnologico\\\/\"},\"wordCount\":691,\"image\":{\"@id\":\"https:\\\/\\\/web.infn.it\\\/TechTransfer\\\/laboratori-nazionali-del-gran-sasso-avvio-della-fase-operativa-del-progetto-infn-dedicato-al-trasferimento-tecnologico\\\/#primaryimage\"},\"thumbnailUrl\":\"https:\\\/\\\/web.infn.it\\\/TechTransfer\\\/wp-content\\\/uploads\\\/2024\\\/04\\\/lavori-23.5.23jpg.jpg\",\"articleSection\":[\"Dietro le quinte dell\u2019innovazione\",\"INFN Open\"],\"inLanguage\":\"it-IT\"},{\"@type\":\"WebPage\",\"@id\":\"https:\\\/\\\/web.infn.it\\\/TechTransfer\\\/laboratori-nazionali-del-gran-sasso-avvio-della-fase-operativa-del-progetto-infn-dedicato-al-trasferimento-tecnologico\\\/\",\"url\":\"https:\\\/\\\/web.infn.it\\\/TechTransfer\\\/laboratori-nazionali-del-gran-sasso-avvio-della-fase-operativa-del-progetto-infn-dedicato-al-trasferimento-tecnologico\\\/\",\"name\":\"Laboratori Nazionali del Gran Sasso: avvio della fase operativa del progetto INFN dedicato al trasferimento tecnologico - TechTransfer INFN\",\"isPartOf\":{\"@id\":\"https:\\\/\\\/web.infn.it\\\/TechTransfer\\\/#website\"},\"primaryImageOfPage\":{\"@id\":\"https:\\\/\\\/web.infn.it\\\/TechTransfer\\\/laboratori-nazionali-del-gran-sasso-avvio-della-fase-operativa-del-progetto-infn-dedicato-al-trasferimento-tecnologico\\\/#primaryimage\"},\"image\":{\"@id\":\"https:\\\/\\\/web.infn.it\\\/TechTransfer\\\/laboratori-nazionali-del-gran-sasso-avvio-della-fase-operativa-del-progetto-infn-dedicato-al-trasferimento-tecnologico\\\/#primaryimage\"},\"thumbnailUrl\":\"https:\\\/\\\/web.infn.it\\\/TechTransfer\\\/wp-content\\\/uploads\\\/2024\\\/04\\\/lavori-23.5.23jpg.jpg\",\"datePublished\":\"2023-05-23T12:21:00+00:00\",\"dateModified\":\"2025-02-10T11:02:15+00:00\",\"author\":{\"@id\":\"https:\\\/\\\/web.infn.it\\\/TechTransfer\\\/#\\\/schema\\\/person\\\/d631d48f396e18da932b1ce1ca31a50e\"},\"inLanguage\":\"it-IT\",\"potentialAction\":[{\"@type\":\"ReadAction\",\"target\":[\"https:\\\/\\\/web.infn.it\\\/TechTransfer\\\/laboratori-nazionali-del-gran-sasso-avvio-della-fase-operativa-del-progetto-infn-dedicato-al-trasferimento-tecnologico\\\/\"]}]},{\"@type\":\"ImageObject\",\"inLanguage\":\"it-IT\",\"@id\":\"https:\\\/\\\/web.infn.it\\\/TechTransfer\\\/laboratori-nazionali-del-gran-sasso-avvio-della-fase-operativa-del-progetto-infn-dedicato-al-trasferimento-tecnologico\\\/#primaryimage\",\"url\":\"https:\\\/\\\/web.infn.it\\\/TechTransfer\\\/wp-content\\\/uploads\\\/2024\\\/04\\\/lavori-23.5.23jpg.jpg\",\"contentUrl\":\"https:\\\/\\\/web.infn.it\\\/TechTransfer\\\/wp-content\\\/uploads\\\/2024\\\/04\\\/lavori-23.5.23jpg.jpg\",\"width\":850,\"height\":478,\"caption\":\"relatori ai lavori di infn open\"},{\"@type\":\"WebSite\",\"@id\":\"https:\\\/\\\/web.infn.it\\\/TechTransfer\\\/#website\",\"url\":\"https:\\\/\\\/web.infn.it\\\/TechTransfer\\\/\",\"name\":\"INFN Trasferimento Tecnologico\",\"description\":\"Trasferimento Tecnologico | Istituto Nazionale Fisica Nucleare\",\"potentialAction\":[{\"@type\":\"SearchAction\",\"target\":{\"@type\":\"EntryPoint\",\"urlTemplate\":\"https:\\\/\\\/web.infn.it\\\/TechTransfer\\\/?s={search_term_string}\"},\"query-input\":{\"@type\":\"PropertyValueSpecification\",\"valueRequired\":true,\"valueName\":\"search_term_string\"}}],\"inLanguage\":\"it-IT\"},{\"@type\":\"Person\",\"@id\":\"https:\\\/\\\/web.infn.it\\\/TechTransfer\\\/#\\\/schema\\\/person\\\/d631d48f396e18da932b1ce1ca31a50e\",\"name\":\"admin\",\"image\":{\"@type\":\"ImageObject\",\"inLanguage\":\"it-IT\",\"@id\":\"https:\\\/\\\/secure.gravatar.com\\\/avatar\\\/cc8b88759e11221def63241ad1f516c38dba32e99e457ff741708c74b2c1bd51?s=96&d=mm&r=g\",\"url\":\"https:\\\/\\\/secure.gravatar.com\\\/avatar\\\/cc8b88759e11221def63241ad1f516c38dba32e99e457ff741708c74b2c1bd51?s=96&d=mm&r=g\",\"contentUrl\":\"https:\\\/\\\/secure.gravatar.com\\\/avatar\\\/cc8b88759e11221def63241ad1f516c38dba32e99e457ff741708c74b2c1bd51?s=96&d=mm&r=g\",\"caption\":\"admin\"},\"sameAs\":[\"https:\\\/\\\/web.infn.it\\\/TechTransfer\"],\"url\":\"https:\\\/\\\/web.infn.it\\\/TechTransfer\\\/author\\\/admin\\\/\"}]}<\/script>\n<!-- \/ Yoast SEO plugin. -->","yoast_head_json":{"title":"Laboratori Nazionali del Gran Sasso: avvio della fase operativa del progetto INFN dedicato al trasferimento tecnologico - TechTransfer INFN","robots":{"index":"index","follow":"follow","max-snippet":"max-snippet:-1","max-image-preview":"max-image-preview:large","max-video-preview":"max-video-preview:-1"},"canonical":"https:\/\/web.infn.it\/TechTransfer\/laboratori-nazionali-del-gran-sasso-avvio-della-fase-operativa-del-progetto-infn-dedicato-al-trasferimento-tecnologico\/","og_locale":"it_IT","og_type":"article","og_title":"Laboratori Nazionali del Gran Sasso: avvio della fase operativa del progetto INFN dedicato al trasferimento tecnologico - TechTransfer INFN","og_description":"\u00a0 &nbsp; L\u2019Aquila, 23 maggio 2023 \u2013 Si \u00e8 svolto oggi, presso i Laboratori Nazionali del Gran Sasso, l\u2019evento di lancio della fase operativa di INFN.Open\u00a0(Open INnovation from Fundamental Nuclear research), progetto il cui obiettivo \u00e8 mettere a disposizione della societ\u00e0, e in particolare del...","og_url":"https:\/\/web.infn.it\/TechTransfer\/laboratori-nazionali-del-gran-sasso-avvio-della-fase-operativa-del-progetto-infn-dedicato-al-trasferimento-tecnologico\/","og_site_name":"TechTransfer INFN","article_publisher":"https:\/\/www.facebook.com\/IstitutoFisicaNucleare\/","article_published_time":"2023-05-23T12:21:00+00:00","article_modified_time":"2025-02-10T11:02:15+00:00","og_image":[{"width":850,"height":478,"url":"https:\/\/web.infn.it\/TechTransfer\/wp-content\/uploads\/2024\/04\/lavori-23.5.23jpg.jpg","type":"image\/jpeg"}],"author":"admin","twitter_card":"summary_large_image","twitter_misc":{"Scritto da":"admin","Tempo di lettura stimato":"4 minuti"},"schema":{"@context":"https:\/\/schema.org","@graph":[{"@type":"Article","@id":"https:\/\/web.infn.it\/TechTransfer\/laboratori-nazionali-del-gran-sasso-avvio-della-fase-operativa-del-progetto-infn-dedicato-al-trasferimento-tecnologico\/#article","isPartOf":{"@id":"https:\/\/web.infn.it\/TechTransfer\/laboratori-nazionali-del-gran-sasso-avvio-della-fase-operativa-del-progetto-infn-dedicato-al-trasferimento-tecnologico\/"},"author":{"name":"admin","@id":"https:\/\/web.infn.it\/TechTransfer\/#\/schema\/person\/d631d48f396e18da932b1ce1ca31a50e"},"headline":"Laboratori Nazionali del Gran Sasso: avvio della fase operativa del progetto INFN dedicato al trasferimento tecnologico","datePublished":"2023-05-23T12:21:00+00:00","dateModified":"2025-02-10T11:02:15+00:00","mainEntityOfPage":{"@id":"https:\/\/web.infn.it\/TechTransfer\/laboratori-nazionali-del-gran-sasso-avvio-della-fase-operativa-del-progetto-infn-dedicato-al-trasferimento-tecnologico\/"},"wordCount":691,"image":{"@id":"https:\/\/web.infn.it\/TechTransfer\/laboratori-nazionali-del-gran-sasso-avvio-della-fase-operativa-del-progetto-infn-dedicato-al-trasferimento-tecnologico\/#primaryimage"},"thumbnailUrl":"https:\/\/web.infn.it\/TechTransfer\/wp-content\/uploads\/2024\/04\/lavori-23.5.23jpg.jpg","articleSection":["Dietro le quinte dell\u2019innovazione","INFN Open"],"inLanguage":"it-IT"},{"@type":"WebPage","@id":"https:\/\/web.infn.it\/TechTransfer\/laboratori-nazionali-del-gran-sasso-avvio-della-fase-operativa-del-progetto-infn-dedicato-al-trasferimento-tecnologico\/","url":"https:\/\/web.infn.it\/TechTransfer\/laboratori-nazionali-del-gran-sasso-avvio-della-fase-operativa-del-progetto-infn-dedicato-al-trasferimento-tecnologico\/","name":"Laboratori Nazionali del Gran Sasso: avvio della fase operativa del progetto INFN dedicato al trasferimento tecnologico - TechTransfer INFN","isPartOf":{"@id":"https:\/\/web.infn.it\/TechTransfer\/#website"},"primaryImageOfPage":{"@id":"https:\/\/web.infn.it\/TechTransfer\/laboratori-nazionali-del-gran-sasso-avvio-della-fase-operativa-del-progetto-infn-dedicato-al-trasferimento-tecnologico\/#primaryimage"},"image":{"@id":"https:\/\/web.infn.it\/TechTransfer\/laboratori-nazionali-del-gran-sasso-avvio-della-fase-operativa-del-progetto-infn-dedicato-al-trasferimento-tecnologico\/#primaryimage"},"thumbnailUrl":"https:\/\/web.infn.it\/TechTransfer\/wp-content\/uploads\/2024\/04\/lavori-23.5.23jpg.jpg","datePublished":"2023-05-23T12:21:00+00:00","dateModified":"2025-02-10T11:02:15+00:00","author":{"@id":"https:\/\/web.infn.it\/TechTransfer\/#\/schema\/person\/d631d48f396e18da932b1ce1ca31a50e"},"inLanguage":"it-IT","potentialAction":[{"@type":"ReadAction","target":["https:\/\/web.infn.it\/TechTransfer\/laboratori-nazionali-del-gran-sasso-avvio-della-fase-operativa-del-progetto-infn-dedicato-al-trasferimento-tecnologico\/"]}]},{"@type":"ImageObject","inLanguage":"it-IT","@id":"https:\/\/web.infn.it\/TechTransfer\/laboratori-nazionali-del-gran-sasso-avvio-della-fase-operativa-del-progetto-infn-dedicato-al-trasferimento-tecnologico\/#primaryimage","url":"https:\/\/web.infn.it\/TechTransfer\/wp-content\/uploads\/2024\/04\/lavori-23.5.23jpg.jpg","contentUrl":"https:\/\/web.infn.it\/TechTransfer\/wp-content\/uploads\/2024\/04\/lavori-23.5.23jpg.jpg","width":850,"height":478,"caption":"relatori ai lavori di infn open"},{"@type":"WebSite","@id":"https:\/\/web.infn.it\/TechTransfer\/#website","url":"https:\/\/web.infn.it\/TechTransfer\/","name":"INFN Trasferimento Tecnologico","description":"Trasferimento Tecnologico | Istituto Nazionale Fisica Nucleare","potentialAction":[{"@type":"SearchAction","target":{"@type":"EntryPoint","urlTemplate":"https:\/\/web.infn.it\/TechTransfer\/?s={search_term_string}"},"query-input":{"@type":"PropertyValueSpecification","valueRequired":true,"valueName":"search_term_string"}}],"inLanguage":"it-IT"},{"@type":"Person","@id":"https:\/\/web.infn.it\/TechTransfer\/#\/schema\/person\/d631d48f396e18da932b1ce1ca31a50e","name":"admin","image":{"@type":"ImageObject","inLanguage":"it-IT","@id":"https:\/\/secure.gravatar.com\/avatar\/cc8b88759e11221def63241ad1f516c38dba32e99e457ff741708c74b2c1bd51?s=96&d=mm&r=g","url":"https:\/\/secure.gravatar.com\/avatar\/cc8b88759e11221def63241ad1f516c38dba32e99e457ff741708c74b2c1bd51?s=96&d=mm&r=g","contentUrl":"https:\/\/secure.gravatar.com\/avatar\/cc8b88759e11221def63241ad1f516c38dba32e99e457ff741708c74b2c1bd51?s=96&d=mm&r=g","caption":"admin"},"sameAs":["https:\/\/web.infn.it\/TechTransfer"],"url":"https:\/\/web.infn.it\/TechTransfer\/author\/admin\/"}]}},"_links":{"self":[{"href":"https:\/\/web.infn.it\/TechTransfer\/wp-json\/wp\/v2\/posts\/1521","targetHints":{"allow":["GET"]}}],"collection":[{"href":"https:\/\/web.infn.it\/TechTransfer\/wp-json\/wp\/v2\/posts"}],"about":[{"href":"https:\/\/web.infn.it\/TechTransfer\/wp-json\/wp\/v2\/types\/post"}],"author":[{"embeddable":true,"href":"https:\/\/web.infn.it\/TechTransfer\/wp-json\/wp\/v2\/users\/1"}],"replies":[{"embeddable":true,"href":"https:\/\/web.infn.it\/TechTransfer\/wp-json\/wp\/v2\/comments?post=1521"}],"version-history":[{"count":6,"href":"https:\/\/web.infn.it\/TechTransfer\/wp-json\/wp\/v2\/posts\/1521\/revisions"}],"predecessor-version":[{"id":2323,"href":"https:\/\/web.infn.it\/TechTransfer\/wp-json\/wp\/v2\/posts\/1521\/revisions\/2323"}],"wp:featuredmedia":[{"embeddable":true,"href":"https:\/\/web.infn.it\/TechTransfer\/wp-json\/wp\/v2\/media\/1525"}],"wp:attachment":[{"href":"https:\/\/web.infn.it\/TechTransfer\/wp-json\/wp\/v2\/media?parent=1521"}],"wp:term":[{"taxonomy":"category","embeddable":true,"href":"https:\/\/web.infn.it\/TechTransfer\/wp-json\/wp\/v2\/categories?post=1521"},{"taxonomy":"post_tag","embeddable":true,"href":"https:\/\/web.infn.it\/TechTransfer\/wp-json\/wp\/v2\/tags?post=1521"}],"curies":[{"name":"wp","href":"https:\/\/api.w.org\/{rel}","templated":true}]}}