{"id":3423,"date":"2025-09-25T10:00:46","date_gmt":"2025-09-25T08:00:46","guid":{"rendered":"https:\/\/web.infn.it\/TechTransfer\/?p=3423"},"modified":"2025-09-25T14:52:13","modified_gmt":"2025-09-25T12:52:13","slug":"mario-salvatore-musumeci-e-marco-statera-un-nuovo-passaggio-di-testimone-nel-cntt","status":"publish","type":"post","link":"https:\/\/web.infn.it\/TechTransfer\/mario-salvatore-musumeci-e-marco-statera-un-nuovo-passaggio-di-testimone-nel-cntt\/","title":{"rendered":"Mario Salvatore Musumeci e Marco Statera, un nuovo passaggio di testimone nel CNTT"},"content":{"rendered":"\r\n<h5 class=\"wp-block-heading\">\u00a0<\/h5>\r\n<h5 class=\"wp-block-heading\">Il Comitato Nazionale per il Trasferimento Tecnologico dell\u2019INFN cambia volto: Marco Statera prende il posto di Mario Salvatore Musumeci, in un passaggio che rinnova la missione di collegare mondi diversi e di restituire valore alla societ\u00e0.<\/h5>\r\n<p>&nbsp;<\/p>\r\n\r\n\r\n\r\n<p>Il trasferimento tecnologico, all\u2019INFN \u00e8 molto pi\u00f9 di una procedura: \u00e8 un <strong>ponte tra la creativit\u00e0 della ricerca di base e le esigenze concrete della societ\u00e0. <\/strong>Un ponte che, negli ultimi anni, Mario Salvatore Musumeci, Primo Tecnologo presso i Laboratori Nazionali del Sud,\u00a0 ha contribuito a rafforzare con un approccio sistemico e una visione profondamente etica del ruolo dell\u2019ente pubblico.<\/p>\r\n\r\n\r\n\r\n<p><strong>Responsabilit\u00e0 e metodo: l\u2019eredit\u00e0 di Musumeci<\/strong><\/p>\r\n\r\n\r\n\r\n<p><strong><img loading=\"lazy\" decoding=\"async\" class=\"alignleft wp-image-3572 size-medium\" src=\"https:\/\/web.infn.it\/TechTransfer\/wp-content\/uploads\/2025\/09\/Mario-Salvatore-MUSUMECI-ritratto-233x300.jpg\" alt=\"\" width=\"233\" height=\"300\" srcset=\"https:\/\/web.infn.it\/TechTransfer\/wp-content\/uploads\/2025\/09\/Mario-Salvatore-MUSUMECI-ritratto-233x300.jpg 233w, https:\/\/web.infn.it\/TechTransfer\/wp-content\/uploads\/2025\/09\/Mario-Salvatore-MUSUMECI-ritratto.jpg 458w\" sizes=\"auto, (max-width: 233px) 100vw, 233px\" \/><\/strong>Musumeci, ingegnere di formazione e anima organizzativa del Comitato, ha sempre visto il TT come <em>\u201cuna forma di restituzione alla societ\u00e0 che investe nella nostra ricerca\u201d.<\/em> Nel suo percorso, ha lavorato per <strong>portare razionalit\u00e0 e metodo nelle valutazioni<\/strong>, ricordando che <em>\u201cgestiamo risorse pubbliche e abbiamo una responsabilit\u00e0 verso chi ci finanzia\u201d.<\/em><\/p>\r\n\r\n\r\n\r\n<p>Il suo contributo si \u00e8 tradotto in una spinta a superare la spinta individuale e passione personale per abbracciare una visione collettiva e strutturata: \u201c<em>Il nostro dovere \u00e8 dare riscontro alla societ\u00e0 che investe tanto denaro nelle nostre attivit\u00e0. Uno di questi riscontri \u00e8 proprio il trasferimento tecnologico.\u201d<\/em><\/p>\r\n\r\n\r\n\r\n<p>Musumeci sottolinea come il valore aggiunto dell\u2019INFN sia la <strong>capacit\u00e0 di creare rete:<\/strong> <em>\u201cL\u2019unico limite allo sviluppo qui \u00e8 la propria fantasia. Per questo ritengo p<\/em><em>articolarmente forte il nostro dovere di restituzione nei confronti della societ\u00e0: tutta questa eccellenza \u00e8 frutto di investimenti pubblici.\u201d<\/em> E aggiunge: \u201c<em>Il TT \u00e8 un ponte tra mondi separati, con regole diverse. Dobbiamo <strong>lavorare per unire<\/strong>, piuttosto che separare\u201d.<\/em><\/p>\r\n\r\n\r\n\r\n<p><strong>Statera: dialogo, applicazione e crescita condivisa<\/strong><\/p>\r\n\r\n\r\n\r\n<p><strong><img loading=\"lazy\" decoding=\"async\" class=\"alignright wp-image-3571 size-medium\" src=\"https:\/\/web.infn.it\/TechTransfer\/wp-content\/uploads\/2025\/09\/MArco-Statera-02-233x300.jpg\" alt=\"\" width=\"233\" height=\"300\" srcset=\"https:\/\/web.infn.it\/TechTransfer\/wp-content\/uploads\/2025\/09\/MArco-Statera-02-233x300.jpg 233w, https:\/\/web.infn.it\/TechTransfer\/wp-content\/uploads\/2025\/09\/MArco-Statera-02-796x1024.jpg 796w, https:\/\/web.infn.it\/TechTransfer\/wp-content\/uploads\/2025\/09\/MArco-Statera-02-768x988.jpg 768w, https:\/\/web.infn.it\/TechTransfer\/wp-content\/uploads\/2025\/09\/MArco-Statera-02-700x901.jpg 700w, https:\/\/web.infn.it\/TechTransfer\/wp-content\/uploads\/2025\/09\/MArco-Statera-02.jpg 1169w\" sizes=\"auto, (max-width: 233px) 100vw, 233px\" \/><\/strong>Marco Statera, Primo Tecnologo presso la Sezione INFN di Milano, subentrato nel ruolo, porta con s\u00e9 una lunga esperienza tra laboratorio e industria, maturata lavorando su progetti di frontiera come la superconduttivit\u00e0 per acceleratori e le sue applicazioni energetiche<em>. \u201cIl collegamento con il trasferimento tecnologico nasce quasi dall\u2019inizio delle attivit\u00e0 di laboratorio, dove l\u2019interazione con le aziende \u00e8 fondamen<\/em><em>tale p<\/em><em>er realizzare apparati scientifici<\/em>\u201d, racconta Statera. \u201c<em>Abbiamo visto crescere progetti che hanno avuto un impatto sia scientifico che industriale, contribuendo anche allo sviluppo di nuove competenze nel sistema Italia\u201d.<\/em><\/p>\r\n\r\n\r\n\r\n<p>Per Statera, la chiave \u00e8 la <strong>capacit\u00e0 di fare da interfaccia tra mondi diversi<\/strong>: \u201cAll\u2019interno dell\u2019INFN l<em>a consapevolezza che si parlino linguaggi diversi, con finalit\u00e0 differenti ma un obiettivo comune, \u00e8 centrale. Il TT \u00e8 un <strong>lavoro di mediazione e di interpretazione delle necessit\u00e0 dell\u2019interlocutore<\/strong><\/em><strong>\u201d<\/strong>. Un tema che, secondo lui, va coltivato anche attraverso la <strong>formazione:<\/strong> \u201c<em>I corsi sul TT sono stati fondamentali per mettere il seme della consapevolezza. Ma questa sensibilit\u00e0 si costruisce giorno per giorno, condividendo esperienze tra colleghi e imparando dagli errori\u201d.<\/em><\/p>\r\n\r\n\r\n\r\n<p><strong>Le sfide che attendono il Comitato<\/strong><\/p>\r\n\r\n\r\n\r\n<p>Guardando al futuro, Statera individua alcune priorit\u00e0 chiare: \u201c<em>Dobbiamo rafforzare la conoscenza sulla gestione della propriet\u00e0 intellettuale e affinare la capacit\u00e0 di mediazione e trattativa con il mondo produttivo. \u00c8 importante trasmettere ai colleghi la capacit\u00e0 di interpretare le necessit\u00e0 dell\u2019altro e di trovare soluzioni condivise\u201d.<\/em><\/p>\r\n\r\n\r\n\r\n<p>Statera sottolinea anche l\u2019importanza di far percepire il TT come una <strong>pratica quotidiana<\/strong> e non come qualcosa di distante o poco familiare: \u201c<em>Quasi tutti, in qualche modo, lavoriamo gi\u00e0 sul confine tra ricerca e applicazione. <strong>Far conoscere meglio questa realt\u00e0,<\/strong> senza imporre regole ma favorendo la condivisione, pu\u00f2 essere la chiave per rafforzare la coscienza collettiva sul valore del trasferimento tecnologico\u201d.<\/em><\/p>\r\n\r\n\r\n\r\n<p><strong>Un passaggio che \u00e8 anche crescita<\/strong><\/p>\r\n\r\n\r\n\r\n<p>Il cambio di testimone tra Musumeci e Statera non \u00e8 solo un avvicendamento, ma il segno di una comunit\u00e0 che si evolve, pronta a rafforzare il proprio ruolo di ponte tra ricerca e societ\u00e0. Il CNTT continua cos\u00ec il suo viaggio, costruendo nuove connessioni e affrontando le sfide del futuro con responsabilit\u00e0, metodo e apertura. Questo passaggio si inserisce nel percorso di rinnovamento gi\u00e0 raccontato nell\u2019<mark class=\"has-inline-color has-black-color\" style=\"background-color: rgba(0, 0, 0, 0);\"><span style=\"color: #4196b4;\"><a style=\"color: #4196b4;\" href=\"https:\/\/web.infn.it\/TechTransfer\/?p=3374\" target=\"_blank\" rel=\"noreferrer noopener\">articolo dedicato al passaggio tra Maria Rosaria Masullo e Giuseppe Torrisi<\/a><\/span>,<\/mark> a testimonianza di una fase di crescita e continuit\u00e0 per tutto il Comitato Nazionale per il Trasferimento Tecnologico.<\/p>\r\n\r\n\r\n\r\n<p>&nbsp;<\/p>\r\n","protected":false},"excerpt":{"rendered":"<p>\u00a0 Il Comitato Nazionale per il Trasferimento Tecnologico dell\u2019INFN cambia volto: Marco Statera prende il posto di Mario Salvatore Musumeci, in un passaggio che rinnova la missione di collegare mondi diversi e di restituire valore alla societ\u00e0. &nbsp; Il trasferimento tecnologico, all\u2019INFN \u00e8 molto pi\u00f9&#8230;<\/p>\n","protected":false},"author":4,"featured_media":3569,"comment_status":"closed","ping_status":"closed","sticky":false,"template":"","format":"standard","meta":{"_acf_changed":false,"footnotes":""},"categories":[163],"tags":[175],"class_list":["post-3423","post","type-post","status-publish","format-standard","has-post-thumbnail","hentry","category-05-protagonisti-del-tt","tag-persone"],"acf":[],"yoast_head":"<!-- This site is optimized with the Yoast SEO plugin v27.4 - https:\/\/yoast.com\/product\/yoast-seo-wordpress\/ -->\n<title>Mario Salvatore Musumeci e Marco Statera, un nuovo passaggio di testimone nel CNTT - TechTransfer INFN<\/title>\n<meta name=\"robots\" content=\"index, follow, max-snippet:-1, max-image-preview:large, max-video-preview:-1\" \/>\n<link rel=\"canonical\" href=\"https:\/\/web.infn.it\/TechTransfer\/mario-salvatore-musumeci-e-marco-statera-un-nuovo-passaggio-di-testimone-nel-cntt\/\" \/>\n<meta property=\"og:locale\" content=\"it_IT\" \/>\n<meta property=\"og:type\" content=\"article\" \/>\n<meta property=\"og:title\" content=\"Mario Salvatore Musumeci e Marco Statera, un nuovo passaggio di testimone nel CNTT - TechTransfer INFN\" \/>\n<meta property=\"og:description\" content=\"\u00a0 Il Comitato Nazionale per il Trasferimento Tecnologico dell\u2019INFN cambia volto: Marco Statera prende il posto di Mario Salvatore Musumeci, in un passaggio che rinnova la missione di collegare mondi diversi e di restituire valore alla societ\u00e0. &nbsp; Il trasferimento tecnologico, all\u2019INFN \u00e8 molto pi\u00f9...\" \/>\n<meta property=\"og:url\" content=\"https:\/\/web.infn.it\/TechTransfer\/mario-salvatore-musumeci-e-marco-statera-un-nuovo-passaggio-di-testimone-nel-cntt\/\" \/>\n<meta property=\"og:site_name\" content=\"TechTransfer INFN\" \/>\n<meta property=\"article:publisher\" content=\"https:\/\/www.facebook.com\/IstitutoFisicaNucleare\/\" \/>\n<meta property=\"article:published_time\" content=\"2025-09-25T08:00:46+00:00\" \/>\n<meta property=\"article:modified_time\" content=\"2025-09-25T12:52:13+00:00\" \/>\n<meta property=\"og:image\" content=\"https:\/\/web.infn.it\/TechTransfer\/wp-content\/uploads\/2025\/09\/musumeci-statera.jpg\" \/>\n\t<meta property=\"og:image:width\" content=\"700\" \/>\n\t<meta property=\"og:image:height\" content=\"450\" \/>\n\t<meta property=\"og:image:type\" content=\"image\/jpeg\" \/>\n<meta name=\"author\" content=\"Diego Tonini\" \/>\n<meta name=\"twitter:card\" content=\"summary_large_image\" \/>\n<meta name=\"twitter:label1\" content=\"Scritto da\" \/>\n\t<meta name=\"twitter:data1\" content=\"Diego Tonini\" \/>\n\t<meta name=\"twitter:label2\" content=\"Tempo di lettura stimato\" \/>\n\t<meta name=\"twitter:data2\" content=\"1 minuto\" \/>\n<script type=\"application\/ld+json\" class=\"yoast-schema-graph\">{\"@context\":\"https:\\\/\\\/schema.org\",\"@graph\":[{\"@type\":\"Article\",\"@id\":\"https:\\\/\\\/web.infn.it\\\/TechTransfer\\\/mario-salvatore-musumeci-e-marco-statera-un-nuovo-passaggio-di-testimone-nel-cntt\\\/#article\",\"isPartOf\":{\"@id\":\"https:\\\/\\\/web.infn.it\\\/TechTransfer\\\/mario-salvatore-musumeci-e-marco-statera-un-nuovo-passaggio-di-testimone-nel-cntt\\\/\"},\"author\":{\"name\":\"Diego Tonini\",\"@id\":\"https:\\\/\\\/web.infn.it\\\/TechTransfer\\\/#\\\/schema\\\/person\\\/00b4391eec00d565f3a1d39921d81aa9\"},\"headline\":\"Mario Salvatore Musumeci e Marco Statera, un nuovo passaggio di testimone nel CNTT\",\"datePublished\":\"2025-09-25T08:00:46+00:00\",\"dateModified\":\"2025-09-25T12:52:13+00:00\",\"mainEntityOfPage\":{\"@id\":\"https:\\\/\\\/web.infn.it\\\/TechTransfer\\\/mario-salvatore-musumeci-e-marco-statera-un-nuovo-passaggio-di-testimone-nel-cntt\\\/\"},\"wordCount\":674,\"image\":{\"@id\":\"https:\\\/\\\/web.infn.it\\\/TechTransfer\\\/mario-salvatore-musumeci-e-marco-statera-un-nuovo-passaggio-di-testimone-nel-cntt\\\/#primaryimage\"},\"thumbnailUrl\":\"https:\\\/\\\/web.infn.it\\\/TechTransfer\\\/wp-content\\\/uploads\\\/2025\\\/09\\\/musumeci-statera.jpg\",\"keywords\":[\"persone\"],\"articleSection\":[\"Protagonisti del TT\"],\"inLanguage\":\"it-IT\"},{\"@type\":\"WebPage\",\"@id\":\"https:\\\/\\\/web.infn.it\\\/TechTransfer\\\/mario-salvatore-musumeci-e-marco-statera-un-nuovo-passaggio-di-testimone-nel-cntt\\\/\",\"url\":\"https:\\\/\\\/web.infn.it\\\/TechTransfer\\\/mario-salvatore-musumeci-e-marco-statera-un-nuovo-passaggio-di-testimone-nel-cntt\\\/\",\"name\":\"Mario Salvatore Musumeci e Marco Statera, un nuovo passaggio di testimone nel CNTT - TechTransfer INFN\",\"isPartOf\":{\"@id\":\"https:\\\/\\\/web.infn.it\\\/TechTransfer\\\/#website\"},\"primaryImageOfPage\":{\"@id\":\"https:\\\/\\\/web.infn.it\\\/TechTransfer\\\/mario-salvatore-musumeci-e-marco-statera-un-nuovo-passaggio-di-testimone-nel-cntt\\\/#primaryimage\"},\"image\":{\"@id\":\"https:\\\/\\\/web.infn.it\\\/TechTransfer\\\/mario-salvatore-musumeci-e-marco-statera-un-nuovo-passaggio-di-testimone-nel-cntt\\\/#primaryimage\"},\"thumbnailUrl\":\"https:\\\/\\\/web.infn.it\\\/TechTransfer\\\/wp-content\\\/uploads\\\/2025\\\/09\\\/musumeci-statera.jpg\",\"datePublished\":\"2025-09-25T08:00:46+00:00\",\"dateModified\":\"2025-09-25T12:52:13+00:00\",\"author\":{\"@id\":\"https:\\\/\\\/web.infn.it\\\/TechTransfer\\\/#\\\/schema\\\/person\\\/00b4391eec00d565f3a1d39921d81aa9\"},\"inLanguage\":\"it-IT\",\"potentialAction\":[{\"@type\":\"ReadAction\",\"target\":[\"https:\\\/\\\/web.infn.it\\\/TechTransfer\\\/mario-salvatore-musumeci-e-marco-statera-un-nuovo-passaggio-di-testimone-nel-cntt\\\/\"]}]},{\"@type\":\"ImageObject\",\"inLanguage\":\"it-IT\",\"@id\":\"https:\\\/\\\/web.infn.it\\\/TechTransfer\\\/mario-salvatore-musumeci-e-marco-statera-un-nuovo-passaggio-di-testimone-nel-cntt\\\/#primaryimage\",\"url\":\"https:\\\/\\\/web.infn.it\\\/TechTransfer\\\/wp-content\\\/uploads\\\/2025\\\/09\\\/musumeci-statera.jpg\",\"contentUrl\":\"https:\\\/\\\/web.infn.it\\\/TechTransfer\\\/wp-content\\\/uploads\\\/2025\\\/09\\\/musumeci-statera.jpg\",\"width\":700,\"height\":450},{\"@type\":\"WebSite\",\"@id\":\"https:\\\/\\\/web.infn.it\\\/TechTransfer\\\/#website\",\"url\":\"https:\\\/\\\/web.infn.it\\\/TechTransfer\\\/\",\"name\":\"INFN Trasferimento Tecnologico\",\"description\":\"Trasferimento Tecnologico | Istituto Nazionale Fisica Nucleare\",\"potentialAction\":[{\"@type\":\"SearchAction\",\"target\":{\"@type\":\"EntryPoint\",\"urlTemplate\":\"https:\\\/\\\/web.infn.it\\\/TechTransfer\\\/?s={search_term_string}\"},\"query-input\":{\"@type\":\"PropertyValueSpecification\",\"valueRequired\":true,\"valueName\":\"search_term_string\"}}],\"inLanguage\":\"it-IT\"},{\"@type\":\"Person\",\"@id\":\"https:\\\/\\\/web.infn.it\\\/TechTransfer\\\/#\\\/schema\\\/person\\\/00b4391eec00d565f3a1d39921d81aa9\",\"name\":\"Diego Tonini\",\"image\":{\"@type\":\"ImageObject\",\"inLanguage\":\"it-IT\",\"@id\":\"https:\\\/\\\/secure.gravatar.com\\\/avatar\\\/b852ae18da0b889e31c80cff41b73e37a1b074dc5b136acc1999c593d201828f?s=96&d=mm&r=g\",\"url\":\"https:\\\/\\\/secure.gravatar.com\\\/avatar\\\/b852ae18da0b889e31c80cff41b73e37a1b074dc5b136acc1999c593d201828f?s=96&d=mm&r=g\",\"contentUrl\":\"https:\\\/\\\/secure.gravatar.com\\\/avatar\\\/b852ae18da0b889e31c80cff41b73e37a1b074dc5b136acc1999c593d201828f?s=96&d=mm&r=g\",\"caption\":\"Diego Tonini\"},\"url\":\"https:\\\/\\\/web.infn.it\\\/TechTransfer\\\/author\\\/diego\\\/\"}]}<\/script>\n<!-- \/ Yoast SEO plugin. -->","yoast_head_json":{"title":"Mario Salvatore Musumeci e Marco Statera, un nuovo passaggio di testimone nel CNTT - TechTransfer INFN","robots":{"index":"index","follow":"follow","max-snippet":"max-snippet:-1","max-image-preview":"max-image-preview:large","max-video-preview":"max-video-preview:-1"},"canonical":"https:\/\/web.infn.it\/TechTransfer\/mario-salvatore-musumeci-e-marco-statera-un-nuovo-passaggio-di-testimone-nel-cntt\/","og_locale":"it_IT","og_type":"article","og_title":"Mario Salvatore Musumeci e Marco Statera, un nuovo passaggio di testimone nel CNTT - TechTransfer INFN","og_description":"\u00a0 Il Comitato Nazionale per il Trasferimento Tecnologico dell\u2019INFN cambia volto: Marco Statera prende il posto di Mario Salvatore Musumeci, in un passaggio che rinnova la missione di collegare mondi diversi e di restituire valore alla societ\u00e0. &nbsp; Il trasferimento tecnologico, all\u2019INFN \u00e8 molto pi\u00f9...","og_url":"https:\/\/web.infn.it\/TechTransfer\/mario-salvatore-musumeci-e-marco-statera-un-nuovo-passaggio-di-testimone-nel-cntt\/","og_site_name":"TechTransfer INFN","article_publisher":"https:\/\/www.facebook.com\/IstitutoFisicaNucleare\/","article_published_time":"2025-09-25T08:00:46+00:00","article_modified_time":"2025-09-25T12:52:13+00:00","og_image":[{"width":700,"height":450,"url":"https:\/\/web.infn.it\/TechTransfer\/wp-content\/uploads\/2025\/09\/musumeci-statera.jpg","type":"image\/jpeg"}],"author":"Diego Tonini","twitter_card":"summary_large_image","twitter_misc":{"Scritto da":"Diego Tonini","Tempo di lettura stimato":"1 minuto"},"schema":{"@context":"https:\/\/schema.org","@graph":[{"@type":"Article","@id":"https:\/\/web.infn.it\/TechTransfer\/mario-salvatore-musumeci-e-marco-statera-un-nuovo-passaggio-di-testimone-nel-cntt\/#article","isPartOf":{"@id":"https:\/\/web.infn.it\/TechTransfer\/mario-salvatore-musumeci-e-marco-statera-un-nuovo-passaggio-di-testimone-nel-cntt\/"},"author":{"name":"Diego Tonini","@id":"https:\/\/web.infn.it\/TechTransfer\/#\/schema\/person\/00b4391eec00d565f3a1d39921d81aa9"},"headline":"Mario Salvatore Musumeci e Marco Statera, un nuovo passaggio di testimone nel CNTT","datePublished":"2025-09-25T08:00:46+00:00","dateModified":"2025-09-25T12:52:13+00:00","mainEntityOfPage":{"@id":"https:\/\/web.infn.it\/TechTransfer\/mario-salvatore-musumeci-e-marco-statera-un-nuovo-passaggio-di-testimone-nel-cntt\/"},"wordCount":674,"image":{"@id":"https:\/\/web.infn.it\/TechTransfer\/mario-salvatore-musumeci-e-marco-statera-un-nuovo-passaggio-di-testimone-nel-cntt\/#primaryimage"},"thumbnailUrl":"https:\/\/web.infn.it\/TechTransfer\/wp-content\/uploads\/2025\/09\/musumeci-statera.jpg","keywords":["persone"],"articleSection":["Protagonisti del TT"],"inLanguage":"it-IT"},{"@type":"WebPage","@id":"https:\/\/web.infn.it\/TechTransfer\/mario-salvatore-musumeci-e-marco-statera-un-nuovo-passaggio-di-testimone-nel-cntt\/","url":"https:\/\/web.infn.it\/TechTransfer\/mario-salvatore-musumeci-e-marco-statera-un-nuovo-passaggio-di-testimone-nel-cntt\/","name":"Mario Salvatore Musumeci e Marco Statera, un nuovo passaggio di testimone nel CNTT - TechTransfer INFN","isPartOf":{"@id":"https:\/\/web.infn.it\/TechTransfer\/#website"},"primaryImageOfPage":{"@id":"https:\/\/web.infn.it\/TechTransfer\/mario-salvatore-musumeci-e-marco-statera-un-nuovo-passaggio-di-testimone-nel-cntt\/#primaryimage"},"image":{"@id":"https:\/\/web.infn.it\/TechTransfer\/mario-salvatore-musumeci-e-marco-statera-un-nuovo-passaggio-di-testimone-nel-cntt\/#primaryimage"},"thumbnailUrl":"https:\/\/web.infn.it\/TechTransfer\/wp-content\/uploads\/2025\/09\/musumeci-statera.jpg","datePublished":"2025-09-25T08:00:46+00:00","dateModified":"2025-09-25T12:52:13+00:00","author":{"@id":"https:\/\/web.infn.it\/TechTransfer\/#\/schema\/person\/00b4391eec00d565f3a1d39921d81aa9"},"inLanguage":"it-IT","potentialAction":[{"@type":"ReadAction","target":["https:\/\/web.infn.it\/TechTransfer\/mario-salvatore-musumeci-e-marco-statera-un-nuovo-passaggio-di-testimone-nel-cntt\/"]}]},{"@type":"ImageObject","inLanguage":"it-IT","@id":"https:\/\/web.infn.it\/TechTransfer\/mario-salvatore-musumeci-e-marco-statera-un-nuovo-passaggio-di-testimone-nel-cntt\/#primaryimage","url":"https:\/\/web.infn.it\/TechTransfer\/wp-content\/uploads\/2025\/09\/musumeci-statera.jpg","contentUrl":"https:\/\/web.infn.it\/TechTransfer\/wp-content\/uploads\/2025\/09\/musumeci-statera.jpg","width":700,"height":450},{"@type":"WebSite","@id":"https:\/\/web.infn.it\/TechTransfer\/#website","url":"https:\/\/web.infn.it\/TechTransfer\/","name":"INFN Trasferimento Tecnologico","description":"Trasferimento Tecnologico | Istituto Nazionale Fisica Nucleare","potentialAction":[{"@type":"SearchAction","target":{"@type":"EntryPoint","urlTemplate":"https:\/\/web.infn.it\/TechTransfer\/?s={search_term_string}"},"query-input":{"@type":"PropertyValueSpecification","valueRequired":true,"valueName":"search_term_string"}}],"inLanguage":"it-IT"},{"@type":"Person","@id":"https:\/\/web.infn.it\/TechTransfer\/#\/schema\/person\/00b4391eec00d565f3a1d39921d81aa9","name":"Diego Tonini","image":{"@type":"ImageObject","inLanguage":"it-IT","@id":"https:\/\/secure.gravatar.com\/avatar\/b852ae18da0b889e31c80cff41b73e37a1b074dc5b136acc1999c593d201828f?s=96&d=mm&r=g","url":"https:\/\/secure.gravatar.com\/avatar\/b852ae18da0b889e31c80cff41b73e37a1b074dc5b136acc1999c593d201828f?s=96&d=mm&r=g","contentUrl":"https:\/\/secure.gravatar.com\/avatar\/b852ae18da0b889e31c80cff41b73e37a1b074dc5b136acc1999c593d201828f?s=96&d=mm&r=g","caption":"Diego Tonini"},"url":"https:\/\/web.infn.it\/TechTransfer\/author\/diego\/"}]}},"_links":{"self":[{"href":"https:\/\/web.infn.it\/TechTransfer\/wp-json\/wp\/v2\/posts\/3423","targetHints":{"allow":["GET"]}}],"collection":[{"href":"https:\/\/web.infn.it\/TechTransfer\/wp-json\/wp\/v2\/posts"}],"about":[{"href":"https:\/\/web.infn.it\/TechTransfer\/wp-json\/wp\/v2\/types\/post"}],"author":[{"embeddable":true,"href":"https:\/\/web.infn.it\/TechTransfer\/wp-json\/wp\/v2\/users\/4"}],"replies":[{"embeddable":true,"href":"https:\/\/web.infn.it\/TechTransfer\/wp-json\/wp\/v2\/comments?post=3423"}],"version-history":[{"count":9,"href":"https:\/\/web.infn.it\/TechTransfer\/wp-json\/wp\/v2\/posts\/3423\/revisions"}],"predecessor-version":[{"id":3578,"href":"https:\/\/web.infn.it\/TechTransfer\/wp-json\/wp\/v2\/posts\/3423\/revisions\/3578"}],"wp:featuredmedia":[{"embeddable":true,"href":"https:\/\/web.infn.it\/TechTransfer\/wp-json\/wp\/v2\/media\/3569"}],"wp:attachment":[{"href":"https:\/\/web.infn.it\/TechTransfer\/wp-json\/wp\/v2\/media?parent=3423"}],"wp:term":[{"taxonomy":"category","embeddable":true,"href":"https:\/\/web.infn.it\/TechTransfer\/wp-json\/wp\/v2\/categories?post=3423"},{"taxonomy":"post_tag","embeddable":true,"href":"https:\/\/web.infn.it\/TechTransfer\/wp-json\/wp\/v2\/tags?post=3423"}],"curies":[{"name":"wp","href":"https:\/\/api.w.org\/{rel}","templated":true}]}}