
{"id":1317,"date":"2017-05-23T08:54:43","date_gmt":"2017-05-23T08:54:43","guid":{"rendered":"https:\/\/web.infn.it\/atlas-8eeeb5a902a9\/?p=1317"},"modified":"2020-11-20T10:21:25","modified_gmt":"2020-11-20T09:21:25","slug":"interviste-masterclass-2017","status":"publish","type":"post","link":"https:\/\/web.infn.it\/atlas\/interviste-masterclass-2017\/","title":{"rendered":"Interviste Masterclass 2017"},"content":{"rendered":"<p style=\"text-align: justify;\"><strong>Progetto alternanza scuola-lavoro di Noemi Mantelli e Giacomo Cenciarelli del liceo Peano di Roma<\/strong><\/p>\n<p style=\"text-align: justify;\">Di seguito riportiamo le interviste effettuate ai partecipanti delle Masterclass 2017 la cui descrizione \u00e8 riportata nel seguente <a href=\"http:\/\/webusers.fis.uniroma3.it\/atlas\/?p=1244\">articolo<\/a>.<\/p>\n<p style=\"text-align: justify;\">Intervista a Lorenzo Frittolitassi del liceo Aristotele di Roma.<\/p>\n<p style=\"text-align: justify;\"><strong>Ciao, io sono Noemi Mantelli. Frequento il terzo anno del liceo scientifico Giuseppe Peano, opzione scienze applicate. Inoltre faccio parte del progetto di alternanza scuola-lavoro ( giornalismo scientifico ) tra il liceo Peano e l&#8217;Universit\u00e0 Roma Tre. Dovrei farti qualche domanda. Potresti presentarti e dirmi che anno e scuola frequenti?<\/strong><\/p>\n<p style=\"text-align: justify;\">Sono Lorenzo Frittolitassi. Frequento il quarto anno del liceo scientifico &#8216;Aristotele&#8217; di Roma.<\/p>\n<p style=\"text-align: justify;\"><strong>Bene&#8230; hai delle idee su cosa vorresti fare dopo il liceo? Andrai all&#8217;universit\u00e0 o nel caso quale facolt\u00e0 sceglieresti?<\/strong><\/p>\n<p style=\"text-align: justify;\">Si ho gia deciso. Voglio studiare fisica.<\/p>\n<p style=\"text-align: justify;\"><strong>Ok, quindi alla fisica ti sei interessato appena sei entrato al liceo? \u00a0Oppure prima?<\/strong><\/p>\n<p style=\"text-align: justify;\">Sono partito dall&#8217;idea di fare matematica, per\u00f2 poi in secondo liceo abbiamo cominciato a fare veramente fisica. In primo liceo abbiamo avuto un professore che non ce la faceva praticamente studiare e in secondo, invece, \u00e8 arrivata una professoressa che ci ha fatto mettere sotto con lo studio. Quindi da quel momento in poi, lei mi ha spronato e a me \u00e8 cominciata a piacere la fisica. Alla fine sono passato da calcoli matematici a calcoli fisici.<\/p>\n<p style=\"text-align: justify;\"><strong>Fino ad ora hai letto dei libri inerenti la fisica ?<\/strong><\/p>\n<p style=\"text-align: justify;\">C&#8217;\u00e8 un libro molto bello, si chiama &#8220;La fisica dei supereroi &#8220;. Spiega in modo fisico tutti i loro superpoteri. \u00c8 veramente interessante.<\/p>\n<p style=\"text-align: justify;\"><strong>Fino ad ora ti \u00e8 piaciuta di pi\u00f9 \u00a0la parte teorica o pratica dell&#8217;evento?<\/strong><\/p>\n<p style=\"text-align: justify;\">io preferisco la parte teorica perch\u00e9 sinceramente non mi piace stare sul campo, preferirei stare nelle &#8216;retrovie&#8217; e fare calcoli a matita.<\/p>\n<p style=\"text-align: justify;\"><strong>Quindi quest&#8217;iniziativa ti ha portato sempre pi\u00f9 verso la fisica? Ti ha fatto apprendere qualcosa di nuovo?<\/strong><\/p>\n<p style=\"text-align: justify;\">Si, diciamo che con gli argomenti affrontati ho imparato molte cose nuove. Di questi argomenti non ne sapevo praticamente nulla e dopo gli esercizi pratici ho cominciato a capire come funziona. Mi sono divertito.<\/p>\n<p style=\"text-align: justify;\"><strong>Gli argomenti per te sono stati facili o difficili?<\/strong><\/p>\n<p style=\"text-align: justify;\">Li ho ritenuti non troppo facili ma se ti appassiona una cosa riesci a farla anche se difficile.<\/p>\n<p style=\"text-align: justify;\"><strong>Ben detto, ciao grazie!<\/strong><\/p>\n<p style=\"text-align: justify;\">A te.<\/p>\n<p style=\"text-align: justify;\">Seconda intervista: Simone Fabbri del liceo scientifico \u00a0&#8220;Labriola&#8221; di Ostia.<\/p>\n<p style=\"text-align: justify;\"><strong>Ciao sono Noemi Mantelli frequento il liceo Giuseppe Peano. Potresti \u00a0presentarti e dirmi che scuola frequenti.<\/strong><\/p>\n<p style=\"text-align: justify;\">allora, io sono Simone Fabri del liceo scientifico &#8220;Labriola&#8221; di Ostia. Ho 17 anni frequento il quarto liceo scientifico tradizionale.<\/p>\n<p style=\"text-align: justify;\"><strong>per quale motivo sei venuto a quest&#8217;evento?<\/strong><\/p>\n<p style=\"text-align: justify;\">mi sono informato e ne sono venuto a conoscenza, \u00a0l&#8217;ho riferito alla mia professoressa di fisica. Avendo gi\u00e0 preso parte a questo tipo di progetti, la mia docente mi ha ,&#8230; insomma, permesso di partecipare contattandomi telefonicamente.<\/p>\n<p style=\"text-align: justify;\"><strong>Hai qualche idea su ci\u00f2 che vorrai fare dopo il liceo? Ti iscriverai all&#8217;universit\u00e0?<\/strong><\/p>\n<p style=\"text-align: justify;\">Si, sono sicuro di voler prendere la facolt\u00e0 di fisica per\u00f3 sono ancora indeciso sulla specializzazione.\u00a0Roma \u00e8 un buon polo per lo studio della fisica.<\/p>\n<p style=\"text-align: justify;\"><strong>hai provato interesse per questa materia, quando hai cominciato a studiarla a scuola, o prima?<\/strong><\/p>\n<p style=\"text-align: justify;\">ho avuto l&#8217;input al liceo per cominciare. Prima non la conoscevo proprio.<\/p>\n<p style=\"text-align: justify;\"><strong>Questa iniziativa ti ha interessato? Se si cosa in particolare?<\/strong><\/p>\n<p style=\"text-align: justify;\">Devo dire che gli argomenti affrontati mi hanno colpito particolarmente. Ci\u00f2 che pi\u00f9 mi ha interessato \u00e8 lo studio del modello standard e i rivelatori di particelle. Avevo gia sentito parlare di ambienti cosi imponenti, ne volevo sapere di pi\u00f9.<\/p>\n<p style=\"text-align: justify;\"><strong>Ti \u00e8 piaciuta pi\u00f9 la parte pratica o teorica ?<\/strong><\/p>\n<p style=\"text-align: justify;\">Devo dire che la parte pratica \u00e8 stata molto interessante. \u00a0Mi ha portato a conoscere e capire cose che prima non assimilavo e mi ha permesso di esegure esercizi mai fatti prima. Ci\u00f2 che pi\u00f9 mi \u00e8 piaciuto per\u00f2 \u00e8 la parte pratica. Questo perch\u00e9 una cosa \u00e8 studiare e cercare di capire la teoria e un&#8217;altra \u00e8 applicare ci\u00f2 che si conosce e, come abbiamo fatto, individuare particelle.<\/p>\n<p style=\"text-align: justify;\">Devo dire che questa iniziativa mi ha fatto scoprire un nuovo mondo della fisica.<\/p>\n<p style=\"text-align: justify;\"><strong>okay grazie mille<\/strong><\/p>\n<p style=\"text-align: justify;\">A te.<\/p>\n","protected":false},"excerpt":{"rendered":"<p>Progetto alternanza scuola-lavoro di Noemi Mantelli e Giacomo Cenciarelli del liceo Peano di Roma Di seguito riportiamo le interviste effettuate ai partecipanti delle Masterclass 2017 la cui descrizione \u00e8 riportata nel seguente articolo. Intervista a Lorenzo Frittolitassi del liceo Aristotele di Roma. Ciao, io sono Noemi Mantelli. Frequento il terzo anno del liceo scientifico Giuseppe [&hellip;]<\/p>\n","protected":false},"author":12,"featured_media":0,"comment_status":"closed","ping_status":"open","sticky":false,"template":"","format":"standard","meta":{"footnotes":""},"categories":[2,5,7],"tags":[41],"ppma_author":[40],"class_list":["post-1317","post","type-post","status-publish","format-standard","hentry","category-atlas","category-education","category-fisica","tag-alternanzascuolalavoro"],"authors":[{"term_id":40,"user_id":0,"is_guest":1,"slug":"cap-noemimantelli","display_name":"noemimantelli","avatar_url":"https:\/\/secure.gravatar.com\/avatar\/?s=96&d=mm&r=g","0":null,"1":"","2":"","3":"","4":"","5":"","6":"","7":"","8":""}],"_links":{"self":[{"href":"https:\/\/web.infn.it\/atlas\/wp-json\/wp\/v2\/posts\/1317","targetHints":{"allow":["GET"]}}],"collection":[{"href":"https:\/\/web.infn.it\/atlas\/wp-json\/wp\/v2\/posts"}],"about":[{"href":"https:\/\/web.infn.it\/atlas\/wp-json\/wp\/v2\/types\/post"}],"author":[{"embeddable":true,"href":"https:\/\/web.infn.it\/atlas\/wp-json\/wp\/v2\/users\/12"}],"replies":[{"embeddable":true,"href":"https:\/\/web.infn.it\/atlas\/wp-json\/wp\/v2\/comments?post=1317"}],"version-history":[{"count":1,"href":"https:\/\/web.infn.it\/atlas\/wp-json\/wp\/v2\/posts\/1317\/revisions"}],"predecessor-version":[{"id":1318,"href":"https:\/\/web.infn.it\/atlas\/wp-json\/wp\/v2\/posts\/1317\/revisions\/1318"}],"wp:attachment":[{"href":"https:\/\/web.infn.it\/atlas\/wp-json\/wp\/v2\/media?parent=1317"}],"wp:term":[{"taxonomy":"category","embeddable":true,"href":"https:\/\/web.infn.it\/atlas\/wp-json\/wp\/v2\/categories?post=1317"},{"taxonomy":"post_tag","embeddable":true,"href":"https:\/\/web.infn.it\/atlas\/wp-json\/wp\/v2\/tags?post=1317"},{"taxonomy":"author","embeddable":true,"href":"https:\/\/web.infn.it\/atlas\/wp-json\/wp\/v2\/ppma_author?post=1317"}],"curies":[{"name":"wp","href":"https:\/\/api.w.org\/{rel}","templated":true}]}}