
{"id":2288,"date":"2022-10-18T14:57:53","date_gmt":"2022-10-18T12:57:53","guid":{"rendered":"https:\/\/web.infn.it\/atlas\/?p=2288"},"modified":"2022-10-19T14:25:13","modified_gmt":"2022-10-19T12:25:13","slug":"atlas-alla-notte-europea-dei-ricercatori-2022","status":"publish","type":"post","link":"https:\/\/web.infn.it\/atlas\/atlas-alla-notte-europea-dei-ricercatori-2022\/","title":{"rendered":"ATLAS alla Notte Europea dei Ricercatori e delle Ricercatrici &#8211; Edizione 2022"},"content":{"rendered":"\n<p>Come tutti gli anni, l\u2019ultimo venerd\u00ec di settembre, ricercatrici e ricercatori di tutta europa scendono nelle piazze, aprono i loro laboratori o occupano gli spazi delle citt\u00e0 per incontrare la gente e raccontare le loro ricerche, la loro passione. \u00c9 la Notte Europea dei Ricercatori, che quest\u2019anno si \u00e8 svolta il 30 settembre.&nbsp;<\/p>\n\n\n\n<p>Anche i ricercatori della fisica delle particelle e, fra questi i nostri ricercatori di ATLAS, si sono spesi per partecipare a questo evento. Quest\u2019anno l\u2019occasione \u00e8 stata ancora pi\u00f9 fortunata, cadendo infatti nel 2022 il <a href=\"https:\/\/web.infn.it\/atlas\/10-anni-di-bosone-di-higgs\/\">decennale della scoperta del bosone di Higgs<\/a>, scoperto al Large Hadron Collider del CERN.<\/p>\n\n\n\n<p>Tante citt\u00e0 italiane, sedi di altrettanti gruppi ATLAS, hanno organizzato eventi per l\u2019occasione. Vi raccontiamo cosa \u00e8 successo in alcune di queste!<\/p>\n\n\n\n<h2 class=\"wp-block-heading\">Genova<\/h2>\n\n\n\n<p>A Genova le iniziative di divulgazione si sono svolte nel centro storico con diverse attivit\u00e0 iniziate a met\u00e0 pomeriggio e proseguite fino a notte inoltrata, intercettando anche la vivace e tradizionale movida del Venerd\u00ec sera. L&#8217;attivit\u00e0 pi\u00f9 incentrata sul mondo della fisica sperimentale delle particelle \u00e8 stata Particle&#8217;s Flying Circus, un videogioco appositamente ideato e programmato dai ricercatori del gruppo ATLAS di Genova che ripercorre le tappe fondamentali della presa dati, della loro ricostruzione e della loro analisi per la ricerca e lo studio delle particelle elementari.&nbsp;<\/p>\n\n\n\n<p>Inoltre due seminari, il primo per ricordare e festeggiare il decennale della scoperta del bosone di Higgs, il secondo per raccontare il futuro della fisica delle particelle con il programma di alta luminosit\u00e0 di LHC, sono stati tenuti nel corso della serata da ricercatori del gruppo ATLAS di Genova.<\/p>\n\n\n\n<figure class=\"wp-block-image size-large\"><a href=\"https:\/\/web.infn.it\/atlas\/wp-content\/uploads\/2022\/10\/Genova.jpg\"><img loading=\"lazy\" decoding=\"async\" width=\"1024\" height=\"461\" src=\"https:\/\/web.infn.it\/atlas\/wp-content\/uploads\/2022\/10\/Genova-1024x461.jpg\" alt=\"\" class=\"wp-image-2300\" srcset=\"https:\/\/web.infn.it\/atlas\/wp-content\/uploads\/2022\/10\/Genova-1024x461.jpg 1024w, https:\/\/web.infn.it\/atlas\/wp-content\/uploads\/2022\/10\/Genova-300x135.jpg 300w, https:\/\/web.infn.it\/atlas\/wp-content\/uploads\/2022\/10\/Genova-768x346.jpg 768w, https:\/\/web.infn.it\/atlas\/wp-content\/uploads\/2022\/10\/Genova-1536x692.jpg 1536w, https:\/\/web.infn.it\/atlas\/wp-content\/uploads\/2022\/10\/Genova-400x180.jpg 400w, https:\/\/web.infn.it\/atlas\/wp-content\/uploads\/2022\/10\/Genova.jpg 2048w\" sizes=\"auto, (max-width: 1024px) 100vw, 1024px\" \/><\/a><figcaption>Notte dei ricercatori a Genova.<\/figcaption><\/figure>\n\n\n\n<h2 class=\"wp-block-heading\">Roma<\/h2>\n\n\n\n<p>Presso la Citt\u00e0 dell\u2019Altra Economia, nel quartiere Testaccio di Roma, in un grande evento per il pubblico sono stati presentate diverse attivit\u00e0 dagli altrettanti gruppi di ATLAS di area romana.<\/p>\n\n\n\n<p>I nostri colleghi dei Laboratori Nazionali di Frascati hanno presentato uno spettacolo per grandi e piccini dal nome di \u201cIl Wow della Fisica\u201d, che si pone l\u2019 obiettivo di stupire giocando ed imparare qualcosa in pi\u00f9 sul mondo che ci circonda e che osserviamo tutti i giorni. Gli incontri con i ricercatori, che hanno condiviso le loro esperienze con il pubblico presente, hanno permesso ai pi\u00f9 curiosi di avvicinarsi a piccoli esperimenti e di familiarizzare con il metodo scientifico.<\/p>\n\n\n\n<figure class=\"wp-block-gallery has-nested-images columns-default is-cropped wp-block-gallery-1 is-layout-flex wp-block-gallery-is-layout-flex\">\n<figure class=\"wp-block-image size-large\"><a href=\"https:\/\/web.infn.it\/atlas\/wp-content\/uploads\/2022\/10\/Frascati_2.jpg\"><img loading=\"lazy\" decoding=\"async\" width=\"1024\" height=\"768\" data-id=\"2298\" src=\"https:\/\/web.infn.it\/atlas\/wp-content\/uploads\/2022\/10\/Frascati_2.jpg\" alt=\"\" class=\"wp-image-2298\" srcset=\"https:\/\/web.infn.it\/atlas\/wp-content\/uploads\/2022\/10\/Frascati_2.jpg 1024w, https:\/\/web.infn.it\/atlas\/wp-content\/uploads\/2022\/10\/Frascati_2-300x225.jpg 300w, https:\/\/web.infn.it\/atlas\/wp-content\/uploads\/2022\/10\/Frascati_2-768x576.jpg 768w, https:\/\/web.infn.it\/atlas\/wp-content\/uploads\/2022\/10\/Frascati_2-400x300.jpg 400w\" sizes=\"auto, (max-width: 1024px) 100vw, 1024px\" \/><\/a><\/figure>\n\n\n\n<figure class=\"wp-block-image size-large\"><a href=\"https:\/\/web.infn.it\/atlas\/wp-content\/uploads\/2022\/10\/Frascati_1.jpg\"><img loading=\"lazy\" decoding=\"async\" width=\"685\" height=\"658\" data-id=\"2299\" src=\"https:\/\/web.infn.it\/atlas\/wp-content\/uploads\/2022\/10\/Frascati_1.jpg\" alt=\"\" class=\"wp-image-2299\" srcset=\"https:\/\/web.infn.it\/atlas\/wp-content\/uploads\/2022\/10\/Frascati_1.jpg 685w, https:\/\/web.infn.it\/atlas\/wp-content\/uploads\/2022\/10\/Frascati_1-300x288.jpg 300w, https:\/\/web.infn.it\/atlas\/wp-content\/uploads\/2022\/10\/Frascati_1-400x384.jpg 400w\" sizes=\"auto, (max-width: 685px) 100vw, 685px\" \/><\/a><\/figure>\n<figcaption class=\"blocks-gallery-caption\">Notte dei ricercatori a Roma, con i colleghi dei Laboratori Nazionali di Frascati.<\/figcaption><\/figure>\n\n\n\n<p>Inoltre, dottorandi e ricercatori dei gruppi ATLAS e CMS di Roma (Sapienza) hanno allestito <a href=\"https:\/\/web.infn.it\/hepscape\/\">HEPscape<\/a>, una escape room sul tema della fisica delle alte energie. L\u2019attivit\u00e0, dedicata a ragazzi e ragazze di tutte le et\u00e0, ripercorre la storia e le sfide attuali della ricerca con i grandi esperimenti dell\u2019LHC di Ginevra, proponendo ai visitatori una serie di giochi e indovinelli con approccio ludico e divertente. I visitatori hanno potuto anche incontrare e discutere delle loro curiosit\u00e0 con i ricercatori presenti nell\u2019area.<\/p>\n\n\n\n<figure class=\"wp-block-image size-full\"><a href=\"https:\/\/web.infn.it\/atlas\/wp-content\/uploads\/2022\/10\/Sapienza.jpg\"><img loading=\"lazy\" decoding=\"async\" width=\"983\" height=\"554\" src=\"https:\/\/web.infn.it\/atlas\/wp-content\/uploads\/2022\/10\/Sapienza.jpg\" alt=\"\" class=\"wp-image-2292\" srcset=\"https:\/\/web.infn.it\/atlas\/wp-content\/uploads\/2022\/10\/Sapienza.jpg 983w, https:\/\/web.infn.it\/atlas\/wp-content\/uploads\/2022\/10\/Sapienza-300x169.jpg 300w, https:\/\/web.infn.it\/atlas\/wp-content\/uploads\/2022\/10\/Sapienza-768x433.jpg 768w, https:\/\/web.infn.it\/atlas\/wp-content\/uploads\/2022\/10\/Sapienza-400x225.jpg 400w\" sizes=\"auto, (max-width: 983px) 100vw, 983px\" \/><\/a><figcaption>HEPscape alla notte dei ricercatori a Roma, con i colleghi della Sapienza.<\/figcaption><\/figure>\n\n\n\n<p>Nelle giornate del 30 settembre e 1 ottobre, il locale gruppo ATLAS formato da professori e ricercatori dell&#8217;Universit\u00e0 di Roma Tor Vergata e della sezione INFN &#8211; Roma Tor Vergata, era presente con uno stand dedicato al Bosone di Higgs e al contributo fornito da Tor Vergata nella sua scoperta avvenuta 10 anni fa. Sono stati ripercorsi i passi che hanno portato alla costruzione del rivelatore ATLAS (con l\u2019importante contributo di Tor Vergata) e all\u2019analisi dei dati raccolti grazie ai quali la scoperta \u00e8 avvenuta. Due giornate all\u2019insegna della passione per la scienza e dell\u2019interesse da parte del grande pubblico per la fisica delle particelle, come testimoniato dalle numerose persone che hanno visitato lo stand e interagito con gli scienziati presenti.<\/p>\n\n\n\n<p>In concomitanza con l&#8217;evento tenutosi presso la citt\u00e0 dell&#8217;Altra Economia \u00e8 stato ospitato l&#8217;evento &#8220;L&#8217;anello Mancante &#8211; 10 anni di bosone di Higgs&#8221; rivolto agli studenti delle scuole superiori presso il Dipartimento di Fisica dell&#8217;Universit\u00e0 di Tor Vergata. Una mattinata di seminari, proiezioni e dibattiti conclusasi con un quiz a premi che ha visto la partecipazione di 28 interessatissimi studenti!<\/p>\n\n\n\n<figure class=\"wp-block-gallery has-nested-images columns-default is-cropped wp-block-gallery-2 is-layout-flex wp-block-gallery-is-layout-flex\">\n<figure class=\"wp-block-image size-large\"><a href=\"https:\/\/web.infn.it\/atlas\/wp-content\/uploads\/2022\/10\/TorVergata.jpg\"><img loading=\"lazy\" decoding=\"async\" width=\"1600\" height=\"1200\" data-id=\"2291\" src=\"https:\/\/web.infn.it\/atlas\/wp-content\/uploads\/2022\/10\/TorVergata.jpg\" alt=\"\" class=\"wp-image-2291\" srcset=\"https:\/\/web.infn.it\/atlas\/wp-content\/uploads\/2022\/10\/TorVergata.jpg 1600w, https:\/\/web.infn.it\/atlas\/wp-content\/uploads\/2022\/10\/TorVergata-300x225.jpg 300w, https:\/\/web.infn.it\/atlas\/wp-content\/uploads\/2022\/10\/TorVergata-1024x768.jpg 1024w, https:\/\/web.infn.it\/atlas\/wp-content\/uploads\/2022\/10\/TorVergata-768x576.jpg 768w, https:\/\/web.infn.it\/atlas\/wp-content\/uploads\/2022\/10\/TorVergata-1536x1152.jpg 1536w, https:\/\/web.infn.it\/atlas\/wp-content\/uploads\/2022\/10\/TorVergata-400x300.jpg 400w\" sizes=\"auto, (max-width: 1600px) 100vw, 1600px\" \/><\/a><\/figure>\n\n\n\n<figure class=\"wp-block-image size-large\"><a href=\"https:\/\/web.infn.it\/atlas\/wp-content\/uploads\/2022\/10\/TorVergata_1.jpg\"><img loading=\"lazy\" decoding=\"async\" width=\"1200\" height=\"900\" data-id=\"2301\" src=\"https:\/\/web.infn.it\/atlas\/wp-content\/uploads\/2022\/10\/TorVergata_1.jpg\" alt=\"\" class=\"wp-image-2301\" srcset=\"https:\/\/web.infn.it\/atlas\/wp-content\/uploads\/2022\/10\/TorVergata_1.jpg 1200w, https:\/\/web.infn.it\/atlas\/wp-content\/uploads\/2022\/10\/TorVergata_1-300x225.jpg 300w, https:\/\/web.infn.it\/atlas\/wp-content\/uploads\/2022\/10\/TorVergata_1-1024x768.jpg 1024w, https:\/\/web.infn.it\/atlas\/wp-content\/uploads\/2022\/10\/TorVergata_1-768x576.jpg 768w, https:\/\/web.infn.it\/atlas\/wp-content\/uploads\/2022\/10\/TorVergata_1-400x300.jpg 400w\" sizes=\"auto, (max-width: 1200px) 100vw, 1200px\" \/><\/a><\/figure>\n\n\n\n<figure class=\"wp-block-image size-large\"><a href=\"https:\/\/web.infn.it\/atlas\/wp-content\/uploads\/2022\/10\/TorVergata_2.jpg\"><img loading=\"lazy\" decoding=\"async\" width=\"1200\" height=\"1600\" data-id=\"2302\" src=\"https:\/\/web.infn.it\/atlas\/wp-content\/uploads\/2022\/10\/TorVergata_2.jpg\" alt=\"\" class=\"wp-image-2302\" srcset=\"https:\/\/web.infn.it\/atlas\/wp-content\/uploads\/2022\/10\/TorVergata_2.jpg 1200w, https:\/\/web.infn.it\/atlas\/wp-content\/uploads\/2022\/10\/TorVergata_2-225x300.jpg 225w, https:\/\/web.infn.it\/atlas\/wp-content\/uploads\/2022\/10\/TorVergata_2-768x1024.jpg 768w, https:\/\/web.infn.it\/atlas\/wp-content\/uploads\/2022\/10\/TorVergata_2-1152x1536.jpg 1152w, https:\/\/web.infn.it\/atlas\/wp-content\/uploads\/2022\/10\/TorVergata_2-400x533.jpg 400w\" sizes=\"auto, (max-width: 1200px) 100vw, 1200px\" \/><\/a><\/figure>\n\n\n\n<figure class=\"wp-block-image size-large\"><a href=\"https:\/\/web.infn.it\/atlas\/wp-content\/uploads\/2022\/10\/TorVergata_3-1.jpg\"><img loading=\"lazy\" decoding=\"async\" width=\"1024\" height=\"527\" data-id=\"2306\" src=\"https:\/\/web.infn.it\/atlas\/wp-content\/uploads\/2022\/10\/TorVergata_3-1-1024x527.jpg\" alt=\"\" class=\"wp-image-2306\" srcset=\"https:\/\/web.infn.it\/atlas\/wp-content\/uploads\/2022\/10\/TorVergata_3-1-1024x527.jpg 1024w, https:\/\/web.infn.it\/atlas\/wp-content\/uploads\/2022\/10\/TorVergata_3-1-300x154.jpg 300w, https:\/\/web.infn.it\/atlas\/wp-content\/uploads\/2022\/10\/TorVergata_3-1-768x395.jpg 768w, https:\/\/web.infn.it\/atlas\/wp-content\/uploads\/2022\/10\/TorVergata_3-1-400x206.jpg 400w, https:\/\/web.infn.it\/atlas\/wp-content\/uploads\/2022\/10\/TorVergata_3-1.jpg 1112w\" sizes=\"auto, (max-width: 1024px) 100vw, 1024px\" \/><\/a><\/figure>\n<figcaption class=\"blocks-gallery-caption\">Notte dei ricercatori a Roma, eventi organizzati dai colleghi di Roma Tor Vergata.<\/figcaption><\/figure>\n\n\n\n<h2 class=\"wp-block-heading\">Lecce<\/h2>\n\n\n\n<p>Presso il chiostro del Monastero degli Olivetani nel cuore di Lecce, la giornata del 30 settembre \u00e8 stata caratterizzata da due eventi organizzati dal gruppo ATLAS della locale Sezione INFN, con il supporto di dottorandi, ricercatori e professori dell\u2019Universit\u00e0 del Salento. Grazie all\u2019Oculus Rift, apparecchiatura per vivere un\u2019esperienza di realt\u00e0 virtuale a 360\u00b0, \u00e8 stato possibile regalare al numeroso pubblico intervenuto una visita virtuale nella caverna sotterranea in cui \u00e8 collocato ATLAS, interagendo con le varie sottostrutture e visualizzando rappresentazioni di eventi fisici reali, sebbene in scala, raccolti dall\u2019apparato. Parallelamente, sono stati organizzati due video-collegamenti dall\u2019ATLAS Visitor Centre e dalla Control Room, allo scopo di raccontare le attivit\u00e0 di ricerca e le esperienze di vita che si vivono presso il CERN di Ginevra.<\/p>\n\n\n\n<h2 class=\"wp-block-heading\">Pavia<\/h2>\n\n\n\n<p>A Pavia gli eventi si sono svolti lungo tutto la settimana dal 25 settembre al 1 ottobre. Luned\u00ec 26 \u00e8 stata organizzata <a href=\"https:\/\/www.youtube.com\/watch?v=yKzrWK9YzOk\">una serata per raccontare la storia della scoperta del bosone di Higgs<\/a>, e, con l\u2019occasione, raccontare l\u2019avventura della costruzione degli esperimenti, della presa dati, e pi\u00f9 in generale la bellezza della ricerca della fisica delle particelle.\u00a0<\/p>\n\n\n\n<p>Un\u2019altra occasione per raccontare la fisica delle particelle \u00e8 stata la realizzazione di uno stand nell\u2019evento \u201cScienza in castello\u201d, che come tutti gli anni raccoglie nella bella cornice del Castello Visconto di Pavia, numerosi stand, ciascuno dedicato a diverse discipline sviluppate nel panorama pavese. Allo stand di \u201cFisica delle particelle\u201d, partendo da un telescopio per raggi cosmici e da diversi video degli esperimenti al LHC, si \u00e8 avuta nuovamente l\u2019occasione per raccontare la nostra attivit\u00e0 di ricerca.<\/p>\n\n\n\n<figure class=\"wp-block-gallery has-nested-images columns-default is-cropped wp-block-gallery-3 is-layout-flex wp-block-gallery-is-layout-flex\">\n<figure class=\"wp-block-image size-large\"><a href=\"https:\/\/web.infn.it\/atlas\/wp-content\/uploads\/2022\/10\/Pavia_1.jpg\"><img loading=\"lazy\" decoding=\"async\" width=\"2048\" height=\"922\" data-id=\"2297\" src=\"https:\/\/web.infn.it\/atlas\/wp-content\/uploads\/2022\/10\/Pavia_1.jpg\" alt=\"\" class=\"wp-image-2297\" srcset=\"https:\/\/web.infn.it\/atlas\/wp-content\/uploads\/2022\/10\/Pavia_1.jpg 2048w, https:\/\/web.infn.it\/atlas\/wp-content\/uploads\/2022\/10\/Pavia_1-300x135.jpg 300w, https:\/\/web.infn.it\/atlas\/wp-content\/uploads\/2022\/10\/Pavia_1-1024x461.jpg 1024w, https:\/\/web.infn.it\/atlas\/wp-content\/uploads\/2022\/10\/Pavia_1-768x346.jpg 768w, https:\/\/web.infn.it\/atlas\/wp-content\/uploads\/2022\/10\/Pavia_1-1536x692.jpg 1536w, https:\/\/web.infn.it\/atlas\/wp-content\/uploads\/2022\/10\/Pavia_1-400x180.jpg 400w\" sizes=\"auto, (max-width: 2048px) 100vw, 2048px\" \/><\/a><\/figure>\n\n\n\n<figure class=\"wp-block-image size-large\"><a href=\"https:\/\/web.infn.it\/atlas\/wp-content\/uploads\/2022\/10\/Pavia_2.jpg\"><img loading=\"lazy\" decoding=\"async\" width=\"2048\" height=\"922\" data-id=\"2296\" src=\"https:\/\/web.infn.it\/atlas\/wp-content\/uploads\/2022\/10\/Pavia_2.jpg\" alt=\"\" class=\"wp-image-2296\" srcset=\"https:\/\/web.infn.it\/atlas\/wp-content\/uploads\/2022\/10\/Pavia_2.jpg 2048w, https:\/\/web.infn.it\/atlas\/wp-content\/uploads\/2022\/10\/Pavia_2-300x135.jpg 300w, https:\/\/web.infn.it\/atlas\/wp-content\/uploads\/2022\/10\/Pavia_2-1024x461.jpg 1024w, https:\/\/web.infn.it\/atlas\/wp-content\/uploads\/2022\/10\/Pavia_2-768x346.jpg 768w, https:\/\/web.infn.it\/atlas\/wp-content\/uploads\/2022\/10\/Pavia_2-1536x692.jpg 1536w, https:\/\/web.infn.it\/atlas\/wp-content\/uploads\/2022\/10\/Pavia_2-400x180.jpg 400w\" sizes=\"auto, (max-width: 2048px) 100vw, 2048px\" \/><\/a><\/figure>\n<figcaption class=\"blocks-gallery-caption\">Notte dei ricercatori a Pavia.<\/figcaption><\/figure>\n\n\n\n<h2 class=\"wp-block-heading\">Pisa<\/h2>\n\n\n\n<p>A Pisa, il \u201cpomeriggio dei ricercatori\u201d \u00e8 iniziato sotto una pioggia battente che non faceva presagire una grande affluenza ed invece come al solito la scienza effettivamente attrae al di sopra delle nostre aspettative e tutti i componenti del gruppo ATLAS che hanno partecipato all\u2019evento hanno finito la voce illustrando il funzionamento di un telescopio a per raggi cosmici o dello spettrometro di luce delle fibre scintillanti o spiegando aspetto dell\u2019esperimento ATLAS\u2026 \u00c9 stato molto facile, iniziando con questi strumenti, parzialmente anche interattivi, arrivare a spiegare come questi oggetti sono legati alle ricerche dell\u2019esperimento ATLAS. Alla fine della discussione abbiamo regalato gli sticker adesivi delle particelle, un gadget molto semplice che per\u00f2 aggiungeva un&#8217;occasione di divulgazione scientifica. Il nostro spazio era come di consueto condiviso con i colleghi di fisica medica, una condivisione molto virtuosa perch\u00e9 consente di passare in modo semplice dalla ricerca \u201cpura\u201d a quella applicata. Abbiamo colto l\u2019occasione per celebrare la ricorrenza del decennale della scoperta del bosone di Higgs e&nbsp;per questo \u00e8 stata organizzata una conversazione a due tra Paolo Azzurri (CMS) e Chiara Roda (ATLAS) moderata dal collega Massimiliano Razzano. Il formato scelto per questa conversazione, domande e risposte, \u00e8 risultato efficace ed ha permesso, nonostante l\u2019ora tarda, la partecipazione di pi\u00f9 di 100 persone. Infine una curiosit\u00e0&#8230; abbiamo portato anche un \u201cfinto\u201d rivelatore di raggi cosmici, un Arduino genera accensioni di LED con distribuzioni ad hoc : questo strumento \u00e8 stato utilissimo per incuriosire le persone e per iniziare a parlare&nbsp;di come riconoscere che questo tipo di oggetto non poteva rivelare particelle.<\/p>\n\n\n\n<figure class=\"wp-block-gallery has-nested-images columns-default is-cropped wp-block-gallery-4 is-layout-flex wp-block-gallery-is-layout-flex\">\n<figure class=\"wp-block-image size-large\"><a href=\"https:\/\/web.infn.it\/atlas\/wp-content\/uploads\/2022\/10\/Pisa_1.jpg\"><img loading=\"lazy\" decoding=\"async\" width=\"1160\" height=\"1002\" data-id=\"2295\" src=\"https:\/\/web.infn.it\/atlas\/wp-content\/uploads\/2022\/10\/Pisa_1.jpg\" alt=\"\" class=\"wp-image-2295\" srcset=\"https:\/\/web.infn.it\/atlas\/wp-content\/uploads\/2022\/10\/Pisa_1.jpg 1160w, https:\/\/web.infn.it\/atlas\/wp-content\/uploads\/2022\/10\/Pisa_1-300x259.jpg 300w, https:\/\/web.infn.it\/atlas\/wp-content\/uploads\/2022\/10\/Pisa_1-1024x885.jpg 1024w, https:\/\/web.infn.it\/atlas\/wp-content\/uploads\/2022\/10\/Pisa_1-768x663.jpg 768w, https:\/\/web.infn.it\/atlas\/wp-content\/uploads\/2022\/10\/Pisa_1-400x346.jpg 400w\" sizes=\"auto, (max-width: 1160px) 100vw, 1160px\" \/><\/a><\/figure>\n\n\n\n<figure class=\"wp-block-image size-large\"><a href=\"https:\/\/web.infn.it\/atlas\/wp-content\/uploads\/2022\/10\/Pisa_2.jpg\"><img loading=\"lazy\" decoding=\"async\" width=\"1160\" height=\"1002\" data-id=\"2294\" src=\"https:\/\/web.infn.it\/atlas\/wp-content\/uploads\/2022\/10\/Pisa_2.jpg\" alt=\"\" class=\"wp-image-2294\" srcset=\"https:\/\/web.infn.it\/atlas\/wp-content\/uploads\/2022\/10\/Pisa_2.jpg 1160w, https:\/\/web.infn.it\/atlas\/wp-content\/uploads\/2022\/10\/Pisa_2-300x259.jpg 300w, https:\/\/web.infn.it\/atlas\/wp-content\/uploads\/2022\/10\/Pisa_2-1024x885.jpg 1024w, https:\/\/web.infn.it\/atlas\/wp-content\/uploads\/2022\/10\/Pisa_2-768x663.jpg 768w, https:\/\/web.infn.it\/atlas\/wp-content\/uploads\/2022\/10\/Pisa_2-400x346.jpg 400w\" sizes=\"auto, (max-width: 1160px) 100vw, 1160px\" \/><\/a><\/figure>\n\n\n\n<figure class=\"wp-block-image size-large\"><a href=\"https:\/\/web.infn.it\/atlas\/wp-content\/uploads\/2022\/10\/Pisa_3.jpg\"><img loading=\"lazy\" decoding=\"async\" width=\"1160\" height=\"1002\" data-id=\"2293\" src=\"https:\/\/web.infn.it\/atlas\/wp-content\/uploads\/2022\/10\/Pisa_3.jpg\" alt=\"\" class=\"wp-image-2293\" srcset=\"https:\/\/web.infn.it\/atlas\/wp-content\/uploads\/2022\/10\/Pisa_3.jpg 1160w, https:\/\/web.infn.it\/atlas\/wp-content\/uploads\/2022\/10\/Pisa_3-300x259.jpg 300w, https:\/\/web.infn.it\/atlas\/wp-content\/uploads\/2022\/10\/Pisa_3-1024x885.jpg 1024w, https:\/\/web.infn.it\/atlas\/wp-content\/uploads\/2022\/10\/Pisa_3-768x663.jpg 768w, https:\/\/web.infn.it\/atlas\/wp-content\/uploads\/2022\/10\/Pisa_3-400x346.jpg 400w\" sizes=\"auto, (max-width: 1160px) 100vw, 1160px\" \/><\/a><\/figure>\n<figcaption class=\"blocks-gallery-caption\">Notte dei ricercatori a Pisa.<\/figcaption><\/figure>\n","protected":false},"excerpt":{"rendered":"<p>Come tutti gli anni, l\u2019ultimo venerd\u00ec di settembre, ricercatrici e ricercatori di tutta europa scendono nelle piazze, aprono i loro laboratori o occupano gli spazi delle citt\u00e0 per incontrare la gente e raccontare le loro ricerche, la loro passione. \u00c9 la Notte Europea dei Ricercatori, che quest\u2019anno si \u00e8 svolta il 30 settembre.&nbsp; Anche i [&hellip;]<\/p>\n","protected":false},"author":140,"featured_media":2292,"comment_status":"closed","ping_status":"closed","sticky":true,"template":"","format":"standard","meta":{"footnotes":""},"categories":[2],"tags":[17,22],"ppma_author":[110],"class_list":["post-2288","post","type-post","status-publish","format-standard","has-post-thumbnail","hentry","category-atlas","tag-featured","tag-news"],"authors":[{"term_id":110,"user_id":0,"is_guest":1,"slug":"cap-guadio","display_name":"Gabriella Gaudio","avatar_url":"https:\/\/secure.gravatar.com\/avatar\/?s=96&d=mm&r=g","0":null,"1":"","2":"","3":"","4":"","5":"","6":"","7":"","8":""}],"_links":{"self":[{"href":"https:\/\/web.infn.it\/atlas\/wp-json\/wp\/v2\/posts\/2288","targetHints":{"allow":["GET"]}}],"collection":[{"href":"https:\/\/web.infn.it\/atlas\/wp-json\/wp\/v2\/posts"}],"about":[{"href":"https:\/\/web.infn.it\/atlas\/wp-json\/wp\/v2\/types\/post"}],"author":[{"embeddable":true,"href":"https:\/\/web.infn.it\/atlas\/wp-json\/wp\/v2\/users\/140"}],"replies":[{"embeddable":true,"href":"https:\/\/web.infn.it\/atlas\/wp-json\/wp\/v2\/comments?post=2288"}],"version-history":[{"count":6,"href":"https:\/\/web.infn.it\/atlas\/wp-json\/wp\/v2\/posts\/2288\/revisions"}],"predecessor-version":[{"id":2310,"href":"https:\/\/web.infn.it\/atlas\/wp-json\/wp\/v2\/posts\/2288\/revisions\/2310"}],"wp:featuredmedia":[{"embeddable":true,"href":"https:\/\/web.infn.it\/atlas\/wp-json\/wp\/v2\/media\/2292"}],"wp:attachment":[{"href":"https:\/\/web.infn.it\/atlas\/wp-json\/wp\/v2\/media?parent=2288"}],"wp:term":[{"taxonomy":"category","embeddable":true,"href":"https:\/\/web.infn.it\/atlas\/wp-json\/wp\/v2\/categories?post=2288"},{"taxonomy":"post_tag","embeddable":true,"href":"https:\/\/web.infn.it\/atlas\/wp-json\/wp\/v2\/tags?post=2288"},{"taxonomy":"author","embeddable":true,"href":"https:\/\/web.infn.it\/atlas\/wp-json\/wp\/v2\/ppma_author?post=2288"}],"curies":[{"name":"wp","href":"https:\/\/api.w.org\/{rel}","templated":true}]}}