
{"id":2492,"date":"2023-10-05T17:55:00","date_gmt":"2023-10-05T15:55:00","guid":{"rendered":"https:\/\/web.infn.it\/atlas\/?p=2492"},"modified":"2025-02-06T09:12:28","modified_gmt":"2025-02-06T08:12:28","slug":"xvi-workshop-atlas-italia-rimini","status":"publish","type":"post","link":"https:\/\/web.infn.it\/atlas\/xvi-workshop-atlas-italia-rimini\/","title":{"rendered":"XVI Workshop ATLAS-Italia @ Rimini"},"content":{"rendered":"\n<p>Dal 18 al 20 di settembre si \u00e8 tenuto a Rimini il XVI Workshop nazionale italiano della collaborazione ATLAS, un importante appuntamento annuale in cui la comunit\u00e0 di ricercatori, afferenti a tutte le sedi sparse sul territorio nazionale, si ritrova per discutere le attivit\u00e0 in corso e pianificare quelle future. Il gruppo INFN-Universit\u00e0 di Bologna, a cui era affidata l\u2019organizzazione, ha fortemente voluto organizzare il workshop nella citt\u00e0, sede di uno dei campus di UNIBO, come segno di vicinanza verso un territorio fortemente colpito da alluvioni nella prima parte dell\u2019anno.<\/p>\n\n\n\n<figure class=\"wp-block-gallery has-nested-images columns-default is-cropped wp-block-gallery-1 is-layout-flex wp-block-gallery-is-layout-flex\">\n<figure class=\"wp-block-image size-full\"><a href=\"https:\/\/web.infn.it\/atlas\/wp-content\/uploads\/2023\/10\/IMG_20230918_122539295_HDR.jpg\"><img loading=\"lazy\" decoding=\"async\" width=\"1200\" height=\"2133\" data-id=\"2534\" src=\"https:\/\/web.infn.it\/atlas\/wp-content\/uploads\/2023\/10\/IMG_20230918_122539295_HDR.jpg\" alt=\"\" class=\"wp-image-2534\" srcset=\"https:\/\/web.infn.it\/atlas\/wp-content\/uploads\/2023\/10\/IMG_20230918_122539295_HDR.jpg 1200w, https:\/\/web.infn.it\/atlas\/wp-content\/uploads\/2023\/10\/IMG_20230918_122539295_HDR-768x1365.jpg 768w\" sizes=\"auto, (max-width: 1200px) 100vw, 1200px\" \/><\/a><figcaption class=\"wp-element-caption\">Roll-up del Workshop.<\/figcaption><\/figure>\n\n\n\n<figure class=\"wp-block-image size-full\"><a href=\"https:\/\/web.infn.it\/atlas\/wp-content\/uploads\/2023\/10\/IMG_20230918_222612931.jpg\"><img loading=\"lazy\" decoding=\"async\" width=\"1200\" height=\"2133\" data-id=\"2535\" src=\"https:\/\/web.infn.it\/atlas\/wp-content\/uploads\/2023\/10\/IMG_20230918_222612931.jpg\" alt=\"\" class=\"wp-image-2535\" srcset=\"https:\/\/web.infn.it\/atlas\/wp-content\/uploads\/2023\/10\/IMG_20230918_222612931.jpg 1200w, https:\/\/web.infn.it\/atlas\/wp-content\/uploads\/2023\/10\/IMG_20230918_222612931-768x1365.jpg 768w\" sizes=\"auto, (max-width: 1200px) 100vw, 1200px\" \/><\/a><figcaption class=\"wp-element-caption\">La fontana della Pigna, Piazza Cavour &#8211; Rimini.<\/figcaption><\/figure>\n<\/figure>\n\n\n\n<p>Nel pomeriggio di luned\u00ec, il saluto di Eugenio Scapparone, direttore della Sezione INFN di Bologna, ha aperto i lavori del workshop. Nell\u2019arco delle tre giornate, 36 relatori hanno passato in rassegna le diverse attivit\u00e0 in cui \u00e8 impegnata la comunit\u00e0 italiana dell\u2019esperimento ATLAS, di fronte ad una platea composta da un centinaio di persone, tra cui ricercatrici e ricercatori. dottorande e dottorandi, all\u2019interno della sala conferenze dell\u2019hotel Aqua, sede del workshop, a cui si sono aggiunti colleghi da remoto, grazie al supporto della Sezione INFN di Bologna e al gruppo multimediale dell&#8217;INFN che ha curato lo streaming e tutti gli aspetti tecnico-informatici del workshop. Alcuni contributi sono stati inoltre presentati con dei poster, in una sessione dedicata, la sera del primo giorno.<\/p>\n\n\n\n<figure class=\"wp-block-image size-full is-style-default\"><a href=\"https:\/\/web.infn.it\/atlas\/wp-content\/uploads\/2023\/10\/postersession.png\"><img loading=\"lazy\" decoding=\"async\" width=\"3906\" height=\"2020\" src=\"https:\/\/web.infn.it\/atlas\/wp-content\/uploads\/2023\/10\/postersession.png\" alt=\"\" class=\"wp-image-2518\" srcset=\"https:\/\/web.infn.it\/atlas\/wp-content\/uploads\/2023\/10\/postersession.png 3906w, https:\/\/web.infn.it\/atlas\/wp-content\/uploads\/2023\/10\/postersession-768x397.png 768w\" sizes=\"auto, (max-width: 3906px) 100vw, 3906px\" \/><\/a><figcaption class=\"wp-element-caption\">Poster session &amp; aperitivo. <\/figcaption><\/figure>\n\n\n\n<p>La prima giornata \u00e8 stata dedicata ad una panoramica ad ampio spettro delle attivit\u00e0 di calcolo, analisi di fisica e terza missione portate avanti dalla comunit\u00e0. Si \u00e8 poi passati ad una rassegna delle prestazioni, calibrazioni e progetti futuri riguardanti il tracciatore (rivelatore di tracce, ndr) e gli algoritmi utilizzati per l\u2019identificazione di sapori pesanti all\u2019interno dei getti di particelle.<\/p>\n\n\n\n<div class=\"wp-block-columns is-layout-flex wp-container-core-columns-is-layout-9d6595d7 wp-block-columns-is-layout-flex\">\n<div class=\"wp-block-column is-layout-flow wp-block-column-is-layout-flow\" style=\"flex-basis:100%\">\n<figure class=\"wp-block-gallery has-nested-images columns-default is-cropped wp-block-gallery-2 is-layout-flex wp-block-gallery-is-layout-flex\">\n<figure class=\"wp-block-image size-full\"><a href=\"https:\/\/web.infn.it\/atlas\/wp-content\/uploads\/2023\/10\/foto1Max-3.png\"><img loading=\"lazy\" decoding=\"async\" width=\"1919\" height=\"1270\" data-id=\"2503\" src=\"https:\/\/web.infn.it\/atlas\/wp-content\/uploads\/2023\/10\/foto1Max-3.png\" alt=\"\" class=\"wp-image-2503\" srcset=\"https:\/\/web.infn.it\/atlas\/wp-content\/uploads\/2023\/10\/foto1Max-3.png 1919w, https:\/\/web.infn.it\/atlas\/wp-content\/uploads\/2023\/10\/foto1Max-3-768x508.png 768w\" sizes=\"auto, (max-width: 1919px) 100vw, 1919px\" \/><\/a><\/figure>\n\n\n\n<figure class=\"wp-block-image size-full\"><a href=\"https:\/\/web.infn.it\/atlas\/wp-content\/uploads\/2023\/10\/foto3Carminati-1.png\"><img loading=\"lazy\" decoding=\"async\" width=\"2629\" height=\"1815\" data-id=\"2504\" src=\"https:\/\/web.infn.it\/atlas\/wp-content\/uploads\/2023\/10\/foto3Carminati-1.png\" alt=\"\" class=\"wp-image-2504\" srcset=\"https:\/\/web.infn.it\/atlas\/wp-content\/uploads\/2023\/10\/foto3Carminati-1.png 2629w, https:\/\/web.infn.it\/atlas\/wp-content\/uploads\/2023\/10\/foto3Carminati-1-768x530.png 768w\" sizes=\"auto, (max-width: 2629px) 100vw, 2629px\" \/><\/a><\/figure>\n\n\n\n<figure class=\"wp-block-image size-full\"><a href=\"https:\/\/web.infn.it\/atlas\/wp-content\/uploads\/2023\/10\/foto2GG.png\"><img loading=\"lazy\" decoding=\"async\" width=\"2497\" height=\"2003\" data-id=\"2505\" src=\"https:\/\/web.infn.it\/atlas\/wp-content\/uploads\/2023\/10\/foto2GG.png\" alt=\"\" class=\"wp-image-2505\" srcset=\"https:\/\/web.infn.it\/atlas\/wp-content\/uploads\/2023\/10\/foto2GG.png 2497w, https:\/\/web.infn.it\/atlas\/wp-content\/uploads\/2023\/10\/foto2GG-768x616.png 768w\" sizes=\"auto, (max-width: 2497px) 100vw, 2497px\" \/><\/a><\/figure>\n<\/figure>\n<\/div>\n<\/div>\n\n\n\n<p>La seconda giornata \u00e8 iniziata presto e si \u00e8 protratta a lungo. Alle presentazioni delle diverse attivit\u00e0 riguardanti le analisi dei dati sperimentali per la ricerca di processi rari o di nuovi fenomeni fisici hanno seguito discussioni sulla produzione Monte-Carlo, nuovi sviluppi nei sistemi di preselezione di eventi di interesse (trigger), di acquisizione e di misura della luminosit\u00e0. Una sessione sui calorimetri, elettromagnetico e adronico, ha concluso la parte con uno spiccato risvolto sperimentale della giornata.<\/p>\n\n\n\n<figure class=\"wp-block-gallery has-nested-images columns-default is-cropped wp-block-gallery-3 is-layout-flex wp-block-gallery-is-layout-flex\">\n<figure class=\"wp-block-image size-full\"><a href=\"https:\/\/web.infn.it\/atlas\/wp-content\/uploads\/2023\/10\/foto4Giuli.png\"><img loading=\"lazy\" decoding=\"async\" width=\"3931\" height=\"2063\" data-id=\"2521\" src=\"https:\/\/web.infn.it\/atlas\/wp-content\/uploads\/2023\/10\/foto4Giuli.png\" alt=\"\" class=\"wp-image-2521\" srcset=\"https:\/\/web.infn.it\/atlas\/wp-content\/uploads\/2023\/10\/foto4Giuli.png 3931w, https:\/\/web.infn.it\/atlas\/wp-content\/uploads\/2023\/10\/foto4Giuli-768x403.png 768w\" sizes=\"auto, (max-width: 3931px) 100vw, 3931px\" \/><\/a><\/figure>\n\n\n\n<figure class=\"wp-block-image size-full\"><a href=\"https:\/\/web.infn.it\/atlas\/wp-content\/uploads\/2023\/10\/foto6Davide.png\"><img loading=\"lazy\" decoding=\"async\" width=\"3821\" height=\"2414\" data-id=\"2523\" src=\"https:\/\/web.infn.it\/atlas\/wp-content\/uploads\/2023\/10\/foto6Davide.png\" alt=\"\" class=\"wp-image-2523\" srcset=\"https:\/\/web.infn.it\/atlas\/wp-content\/uploads\/2023\/10\/foto6Davide.png 3821w, https:\/\/web.infn.it\/atlas\/wp-content\/uploads\/2023\/10\/foto6Davide-768x485.png 768w\" sizes=\"auto, (max-width: 3821px) 100vw, 3821px\" \/><\/a><\/figure>\n\n\n\n<figure class=\"wp-block-image size-full\"><a href=\"https:\/\/web.infn.it\/atlas\/wp-content\/uploads\/2023\/10\/foto8Chiara.png\"><img loading=\"lazy\" decoding=\"async\" width=\"3819\" height=\"1961\" data-id=\"2522\" src=\"https:\/\/web.infn.it\/atlas\/wp-content\/uploads\/2023\/10\/foto8Chiara.png\" alt=\"\" class=\"wp-image-2522\" srcset=\"https:\/\/web.infn.it\/atlas\/wp-content\/uploads\/2023\/10\/foto8Chiara.png 3819w, https:\/\/web.infn.it\/atlas\/wp-content\/uploads\/2023\/10\/foto8Chiara-768x394.png 768w\" sizes=\"auto, (max-width: 3819px) 100vw, 3819px\" \/><\/a><\/figure>\n<\/figure>\n\n\n\n<p>Un\u2019ora del pomeriggio \u00e8 stata dedicata ad una relazione di Silvia Pascoli, professoressa dell\u2019Universit\u00e0 di Bologna, invitata a presentare una panoramica ad ampio spettro dei legami tra le ricerche di fisica effettuate ai collisori di particelle e la ricerca di nuova fisica nel settore leptonico.<\/p>\n\n\n\n<p>La giornata si \u00e8 conclusa con un\u2019interessante tavola rotonda con il presidente INFN Antonio Zoccoli e lo portavoce dell\u2019esperimento ATLAS, Andreas Hoecker, moderata dal responsabile nazionale di ATLAS-Italia, Massimo Corradi.<\/p>\n\n\n\n<figure class=\"wp-block-image size-full\"><a href=\"https:\/\/web.infn.it\/atlas\/wp-content\/uploads\/2023\/10\/foto7management.png\"><img loading=\"lazy\" decoding=\"async\" width=\"4000\" height=\"2298\" src=\"https:\/\/web.infn.it\/atlas\/wp-content\/uploads\/2023\/10\/foto7management.png\" alt=\"\" class=\"wp-image-2520\" srcset=\"https:\/\/web.infn.it\/atlas\/wp-content\/uploads\/2023\/10\/foto7management.png 4000w, https:\/\/web.infn.it\/atlas\/wp-content\/uploads\/2023\/10\/foto7management-768x441.png 768w, https:\/\/web.infn.it\/atlas\/wp-content\/uploads\/2023\/10\/foto7management-260x150.png 260w\" sizes=\"auto, (max-width: 4000px) 100vw, 4000px\" \/><\/a><figcaption class=\"wp-element-caption\">Sessione di incontro con il management. Da sinistra: Andreas Hoecker, Antonio Zoccoli, Massimo Corradi.<\/figcaption><\/figure>\n\n\n\n<p>La giornata conclusiva si \u00e8 aperta con una sessione dedicata allo spettrometro a muoni, per poi proseguire con la presentazione di risultati sulla ricerca di nuova fisica e sulle misure di precisione attualmente in corso. In chiusura, la responsabile nazionale dell\u2019upgrade, Claudia Gemme, ha ricordato a tutti il lavoro che si prospetta nei prossimi anni, vale a dire la realizzazione dei progetti di upgrade del rivelatore necessari per completare l\u2019ambizioso programma di fisica di punta che contraddistingue l&#8217;esperimento. La parola \u00e8 stata poi passata al responsabile nazionale per la relazione conclusiva.<\/p>\n\n\n\n<figure class=\"wp-block-gallery has-nested-images columns-default is-cropped wp-block-gallery-4 is-layout-flex wp-block-gallery-is-layout-flex\">\n<figure class=\"wp-block-image size-full\"><a href=\"https:\/\/web.infn.it\/atlas\/wp-content\/uploads\/2023\/10\/foto9Claudia.png\"><img loading=\"lazy\" decoding=\"async\" width=\"3405\" height=\"1903\" data-id=\"2525\" src=\"https:\/\/web.infn.it\/atlas\/wp-content\/uploads\/2023\/10\/foto9Claudia.png\" alt=\"\" class=\"wp-image-2525\" srcset=\"https:\/\/web.infn.it\/atlas\/wp-content\/uploads\/2023\/10\/foto9Claudia.png 3405w, https:\/\/web.infn.it\/atlas\/wp-content\/uploads\/2023\/10\/foto9Claudia-768x429.png 768w\" sizes=\"auto, (max-width: 3405px) 100vw, 3405px\" \/><\/a><\/figure>\n\n\n\n<figure class=\"wp-block-image size-full\"><a href=\"https:\/\/web.infn.it\/atlas\/wp-content\/uploads\/2023\/10\/foto10Massimo.png\"><img loading=\"lazy\" decoding=\"async\" width=\"3323\" height=\"1925\" data-id=\"2526\" src=\"https:\/\/web.infn.it\/atlas\/wp-content\/uploads\/2023\/10\/foto10Massimo.png\" alt=\"\" class=\"wp-image-2526\" srcset=\"https:\/\/web.infn.it\/atlas\/wp-content\/uploads\/2023\/10\/foto10Massimo.png 3323w, https:\/\/web.infn.it\/atlas\/wp-content\/uploads\/2023\/10\/foto10Massimo-768x444.png 768w, https:\/\/web.infn.it\/atlas\/wp-content\/uploads\/2023\/10\/foto10Massimo-260x150.png 260w\" sizes=\"auto, (max-width: 3323px) 100vw, 3323px\" \/><\/a><\/figure>\n<\/figure>\n\n\n\n<p>A margine dei lavori, la presenza di ricercatori provenienti dalle diverse sedi ha permesso il verificarsi spontaneo di discussioni informali, che sono fondamentali per pianificazione, coordinamento e rafforzamento delle attivit\u00e0 tecniche e scientifiche, soprattutto nell\u2019ambito di una grande collaborazione sperimentale come ATLAS.<\/p>\n\n\n\n<p>Purtroppo il denso programma di lavori ha lasciato ben poco tempo ai partecipanti per una passeggiata nel centro storico della citt\u00e0, meno noto delle sue spiagge ma altrettanto piacevole da visitare. La speranza \u00e8 che il workshop sia stato da stimolo per i partecipanti a ritornare nella citt\u00e0 per una visita pi\u00f9 accurata.<\/p>\n\n\n\n<figure class=\"wp-block-image size-full\"><a href=\"https:\/\/web.infn.it\/atlas\/wp-content\/uploads\/2023\/10\/IMG_2875_HDR-1.jpeg\"><img loading=\"lazy\" decoding=\"async\" width=\"1280\" height=\"625\" src=\"https:\/\/web.infn.it\/atlas\/wp-content\/uploads\/2023\/10\/IMG_2875_HDR-1.jpeg\" alt=\"\" class=\"wp-image-2496\" srcset=\"https:\/\/web.infn.it\/atlas\/wp-content\/uploads\/2023\/10\/IMG_2875_HDR-1.jpeg 1280w, https:\/\/web.infn.it\/atlas\/wp-content\/uploads\/2023\/10\/IMG_2875_HDR-1-768x375.jpeg 768w\" sizes=\"auto, (max-width: 1280px) 100vw, 1280px\" \/><\/a><figcaption class=\"wp-element-caption\">Foto di gruppo dei partecipanti al XVI Workshop ATLAS Italia @ Rimini.<\/figcaption><\/figure>\n","protected":false},"excerpt":{"rendered":"<p>Dal 18 al 20 di settembre si \u00e8 tenuto a Rimini il XVI Workshop nazionale italiano della collaborazione ATLAS, un importante appuntamento annuale in cui la comunit\u00e0 di ricercatori, afferenti a tutte le sedi sparse sul territorio nazionale, si ritrova per discutere le attivit\u00e0 in corso e pianificare quelle future. Il gruppo INFN-Universit\u00e0 di Bologna, [&hellip;]<\/p>\n","protected":false},"author":149,"featured_media":2493,"comment_status":"closed","ping_status":"closed","sticky":true,"template":"","format":"standard","meta":{"footnotes":""},"categories":[2],"tags":[],"ppma_author":[160,161],"class_list":["post-2492","post","type-post","status-publish","format-standard","has-post-thumbnail","hentry","category-atlas"],"authors":[{"term_id":160,"user_id":149,"is_guest":0,"slug":"sioli","display_name":"Maximiliano Sioli","avatar_url":"https:\/\/secure.gravatar.com\/avatar\/4455d82fbdcab8a4dd0170e22e721aed8b8c3b3b4ac9e2b3e2240999ecfd5b9a?s=96&d=mm&r=g","0":null,"1":"","2":"","3":"","4":"","5":"","6":"","7":"","8":""},{"term_id":161,"user_id":150,"is_guest":0,"slug":"negrini","display_name":"Matteo Negrini","avatar_url":"https:\/\/secure.gravatar.com\/avatar\/9a51443d3d12a7604825e19ebfc7b326e42d91ca5e9d919f46061497533545c8?s=96&d=mm&r=g","0":null,"1":"","2":"","3":"","4":"","5":"","6":"","7":"","8":""}],"_links":{"self":[{"href":"https:\/\/web.infn.it\/atlas\/wp-json\/wp\/v2\/posts\/2492","targetHints":{"allow":["GET"]}}],"collection":[{"href":"https:\/\/web.infn.it\/atlas\/wp-json\/wp\/v2\/posts"}],"about":[{"href":"https:\/\/web.infn.it\/atlas\/wp-json\/wp\/v2\/types\/post"}],"author":[{"embeddable":true,"href":"https:\/\/web.infn.it\/atlas\/wp-json\/wp\/v2\/users\/149"}],"replies":[{"embeddable":true,"href":"https:\/\/web.infn.it\/atlas\/wp-json\/wp\/v2\/comments?post=2492"}],"version-history":[{"count":12,"href":"https:\/\/web.infn.it\/atlas\/wp-json\/wp\/v2\/posts\/2492\/revisions"}],"predecessor-version":[{"id":2661,"href":"https:\/\/web.infn.it\/atlas\/wp-json\/wp\/v2\/posts\/2492\/revisions\/2661"}],"wp:featuredmedia":[{"embeddable":true,"href":"https:\/\/web.infn.it\/atlas\/wp-json\/wp\/v2\/media\/2493"}],"wp:attachment":[{"href":"https:\/\/web.infn.it\/atlas\/wp-json\/wp\/v2\/media?parent=2492"}],"wp:term":[{"taxonomy":"category","embeddable":true,"href":"https:\/\/web.infn.it\/atlas\/wp-json\/wp\/v2\/categories?post=2492"},{"taxonomy":"post_tag","embeddable":true,"href":"https:\/\/web.infn.it\/atlas\/wp-json\/wp\/v2\/tags?post=2492"},{"taxonomy":"author","embeddable":true,"href":"https:\/\/web.infn.it\/atlas\/wp-json\/wp\/v2\/ppma_author?post=2492"}],"curies":[{"name":"wp","href":"https:\/\/api.w.org\/{rel}","templated":true}]}}