
{"id":2540,"date":"2023-11-10T17:50:00","date_gmt":"2023-11-10T16:50:00","guid":{"rendered":"https:\/\/web.infn.it\/atlas\/?p=2540"},"modified":"2025-04-24T16:58:10","modified_gmt":"2025-04-24T14:58:10","slug":"notte-europea-dei-ricercatori-e-delle-ricercatrici-2023","status":"publish","type":"post","link":"https:\/\/web.infn.it\/atlas\/notte-europea-dei-ricercatori-e-delle-ricercatrici-2023\/","title":{"rendered":"Notte Europea dei Ricercatori e delle Ricercatrici 2023"},"content":{"rendered":"\n<p>Come da tradizione ormai consolidata negli anni, nell\u2019ultimo venerd\u00ec del mese di Settembre ricorre Notte Europea dei Ricercatori e delle Ricercatrici (ERN): il mondo della ricerca apre le porte e dischiude il proprio alveo in Italia ed Europa, con un fioccare di opportunit\u00e0 volte alla conoscenza ed alla valorizzazione di tutte quelle attivit\u00e0 che spesso rimangono chiuse nei laboratori ed ignote, se si escludono appassionati o cultori della materia, alla maggior parte della gente.&nbsp;<\/p>\n\n\n\n<p>Tra i vari filoni di ricerca messi a disposizione dei numerosi visitatori, non \u00e8 certamente mancato quello della Fisica delle Interazioni Fondamentali, coinvolgendo diversi Atenei ed Enti di ricerca sparsi sull\u2019intero territorio nazionale, incluso l\u2019<em>Istituto Nazionale di Fisica Nucleare<\/em> (INFN) con un ruolo di primissimo piano. Infatti, oltre alla ricerca in senso stretto, una finestra con cui l\u2019Ente si interfaccia con la societ\u00e0 \u00e8 costituita dalle attivit\u00e0 di trasferimento e coinvolgimento tecnologico, volte ad un avvicinamento generalizzato al mondo della cultura e della ricerca scientifica.<\/p>\n\n\n\n<p>In particolare, alcuni membri della Collaborazione ATLAS, una delle quattro attive presso il <em>Large Hadron Collider <\/em>(LHC) del CERN di Ginevra, hanno cercato di avvicinare grandi e piccini al mondo delle particelle fondamentali che costituiscono la materia che ci circonda. Un mondo di cui si sa gi\u00e0 tanto, ma certamente non tutto, motivo per cui si continuano a studiare le collisioni tra particelle per cercare di fare luce su problematiche ancora prive di una risposta esaustiva.<\/p>\n\n\n\n<p>Svariate attivit\u00e0 sono state portate avanti durante il corso della serata, con vari livelli di approfondimento, senza mai perdere di vista il contesto divulgativo della manifestazione: dai numerosi stand informativi e conoscitivi pi\u00f9 generali, ad attivit\u00e0 pi\u00f9 caratteristiche con l\u2019ausilio delle nuove tecnologie a disposizione. Tali strumenti includono anche visori per la realt\u00e0 virtuale che permettono di effettuare delle vere e proprie visite virtuali agli apparati sperimentali siti presso il CERN, interagendo direttamente con le varie componenti strutturali. Non sono mancate le occasioni per dimostrare l\u2019effettivo funzionamento di piccoli rivelatori di particelle o addirittura mini-acceleratori, assemblati con materiali di uso quotidiano, facilmente reperibili ed a costi contenuti. Peculiarit\u00e0 a livello nazionale \u00e8 stata <a href=\"https:\/\/web.infn.it\/hepscape\/\">HEPscape<\/a>, l\u2019escape room sulla fisica delle alte energie a marchio INFN, per un viaggio appassionante all\u2019interno dell\u2019acceleratore di particelle svizzero, cercando di addentrarsi nei meandri di ATLAS, uno degli esperimenti pi\u00f9 grandi al mondo, per capire come districarsi tra identificazione e rivelazione della miriade di particelle generatisi durante una collisione.<\/p>\n\n\n\n<p>Nell\u2019arco di una giornata svariate iniziative hanno preso vita nella penisola, da nord a sud, avvicinando realt\u00e0 talvolta differenti ma accomunate dalla passione per la ricerca, nonch\u00e9 dalla voglia di trasmettere tale interesse a quante pi\u00f9 persone possibile. Studenti, dottorandi, ricercatori e professori hanno unito le forze per assicurare la riuscita di un\u2019iniziativa che va avanti da anni, riscuotendo sempre un enorme successo di pubblico. La comunit\u00e0 italiana direttamente coinvolta ringrazia tutti coloro che hanno contribuito e partecipato a questa edizione, con la promessa di ritrovarsi, puntualmente, l\u2019anno prossimo.<\/p>\n\n\n\n<p>DI seguito vi lasciamo delle foto scattate durante la Notte Europea dei Ricercatori e delle Ricercatrici nelle varie citt\u00e0 italiane, dove i membri della comunit\u00e0 di ATLAS Italia hanno presentato alcuni progetti inerenti al nostro Esperimento.<\/p>\n\n\n\n<figure class=\"wp-block-gallery aligncenter has-nested-images columns-default is-cropped wp-block-gallery-1 is-layout-flex wp-block-gallery-is-layout-flex\">\n<figure class=\"wp-block-image size-full\"><a href=\"https:\/\/web.infn.it\/atlas\/wp-content\/uploads\/2023\/11\/Lecce2.jpg\"><img loading=\"lazy\" decoding=\"async\" width=\"1024\" height=\"561\" data-id=\"2542\" src=\"https:\/\/web.infn.it\/atlas\/wp-content\/uploads\/2023\/11\/Lecce2.jpg\" alt=\"\" class=\"wp-image-2542\" srcset=\"https:\/\/web.infn.it\/atlas\/wp-content\/uploads\/2023\/11\/Lecce2.jpg 1024w, https:\/\/web.infn.it\/atlas\/wp-content\/uploads\/2023\/11\/Lecce2-768x420.jpg 768w\" sizes=\"auto, (max-width: 1024px) 100vw, 1024px\" \/><\/a><\/figure>\n\n\n\n<figure class=\"wp-block-image size-full\"><a href=\"https:\/\/web.infn.it\/atlas\/wp-content\/uploads\/2023\/11\/LEcce1.jpeg\"><img loading=\"lazy\" decoding=\"async\" width=\"1440\" height=\"1080\" data-id=\"2541\" src=\"https:\/\/web.infn.it\/atlas\/wp-content\/uploads\/2023\/11\/LEcce1.jpeg\" alt=\"\" class=\"wp-image-2541\" srcset=\"https:\/\/web.infn.it\/atlas\/wp-content\/uploads\/2023\/11\/LEcce1.jpeg 1440w, https:\/\/web.infn.it\/atlas\/wp-content\/uploads\/2023\/11\/LEcce1-768x576.jpeg 768w\" sizes=\"auto, (max-width: 1440px) 100vw, 1440px\" \/><\/a><\/figure>\n<figcaption class=\"blocks-gallery-caption wp-element-caption\">Figura 1: Il gruppo ATLAS di Lecce ha partecipato all\u2019ERN con una dimostrazione pratica del funzionamento di un rivelatore a pixel di Silicio simile a quello che si sta costruendo per l&#8217;upgrade di ATLAS (detto <em>Inner Tracker,<\/em> ITk) presso i laboratori del Dipartimento di Matematica e Fisica E. De Giorgi &#8211; INFN Lecce. E&#8217; stato accolto anche il Rettore dell\u2019Universit\u00e0 del Salento cui \u00e8 stato illustrato il progetto (immagine di sinistra). Inoltre, tramite un visore di realt\u00e0 virtuale, \u00e8 stato possibile mostrare l\u2019esprimento ATLAS nella sua interezza, come se il visitatore si trovasse 100 metri sottoterra al Punto 1 di LHC (immagine di destra).<\/figcaption><\/figure>\n\n\n\n<figure class=\"wp-block-gallery has-nested-images columns-default is-cropped wp-block-gallery-2 is-layout-flex wp-block-gallery-is-layout-flex\">\n<figure class=\"wp-block-image size-large\"><a href=\"https:\/\/web.infn.it\/atlas\/wp-content\/uploads\/2023\/11\/Roma21.jpg\"><img loading=\"lazy\" decoding=\"async\" width=\"1024\" height=\"1024\" data-id=\"2544\" src=\"https:\/\/web.infn.it\/atlas\/wp-content\/uploads\/2023\/11\/Roma21-1024x1024.jpg\" alt=\"\" class=\"wp-image-2544\" srcset=\"https:\/\/web.infn.it\/atlas\/wp-content\/uploads\/2023\/11\/Roma21-1024x1024.jpg 1024w, https:\/\/web.infn.it\/atlas\/wp-content\/uploads\/2023\/11\/Roma21-300x300.jpg 300w, https:\/\/web.infn.it\/atlas\/wp-content\/uploads\/2023\/11\/Roma21-150x150.jpg 150w, https:\/\/web.infn.it\/atlas\/wp-content\/uploads\/2023\/11\/Roma21-1536x1536.jpg 1536w, https:\/\/web.infn.it\/atlas\/wp-content\/uploads\/2023\/11\/Roma21-2048x2048.jpg 2048w, https:\/\/web.infn.it\/atlas\/wp-content\/uploads\/2023\/11\/Roma21-500x500.jpg 500w, https:\/\/web.infn.it\/atlas\/wp-content\/uploads\/2023\/11\/Roma21-200x200.jpg 200w\" sizes=\"auto, (max-width: 1024px) 100vw, 1024px\" \/><\/a><\/figure>\n\n\n\n<figure class=\"wp-block-image size-full\"><a href=\"https:\/\/web.infn.it\/atlas\/wp-content\/uploads\/2023\/11\/Roma22.jpg\"><img loading=\"lazy\" decoding=\"async\" width=\"2048\" height=\"1536\" data-id=\"2543\" src=\"https:\/\/web.infn.it\/atlas\/wp-content\/uploads\/2023\/11\/Roma22.jpg\" alt=\"\" class=\"wp-image-2543\" srcset=\"https:\/\/web.infn.it\/atlas\/wp-content\/uploads\/2023\/11\/Roma22.jpg 2048w, https:\/\/web.infn.it\/atlas\/wp-content\/uploads\/2023\/11\/Roma22-768x576.jpg 768w\" sizes=\"auto, (max-width: 2048px) 100vw, 2048px\" \/><\/a><\/figure>\n<figcaption class=\"blocks-gallery-caption wp-element-caption\">Figura 2: La sezione di Roma2 ha partecipato alla ERN con due attivit\u00e0 parallele: uno stand alla \u201cCitt\u00e0 dell\u2019Altra Economia\u201d dove sono state illustrate le ricerche nel campo delle astroparticelle e delle esplorazioni spaziali e nel campo della fisica subnucleare, dove \u00e8 stato poi dato spazio a esperienze dirette grazie ad exhibit ed esperimenti dimostrativi; l\u2019altro evento si \u00e8 svolto al Dipartimento di Fisica dell&#8217;Universit\u00e0 di Roma Tor Vergata ed \u00e8 stato dedicato a studenti delle scuole superiori di Roma e provincia che hanno seguito seminari introduttivi sulla fisica delle particelle e visto il film &#8220;Particle Fever&#8221;, girato proprio in occasione della scoperta del Bosone di Higgs.<\/figcaption><\/figure>\n\n\n\n<figure class=\"wp-block-gallery has-nested-images columns-default is-cropped wp-block-gallery-3 is-layout-flex wp-block-gallery-is-layout-flex\">\n<figure class=\"wp-block-image size-large\"><a href=\"https:\/\/web.infn.it\/atlas\/wp-content\/uploads\/2023\/11\/Pavia1-1-scaled.jpeg\"><img loading=\"lazy\" decoding=\"async\" width=\"1024\" height=\"1024\" data-id=\"2548\" src=\"https:\/\/web.infn.it\/atlas\/wp-content\/uploads\/2023\/11\/Pavia1-1-1024x1024.jpeg\" alt=\"\" class=\"wp-image-2548\" srcset=\"https:\/\/web.infn.it\/atlas\/wp-content\/uploads\/2023\/11\/Pavia1-1-1024x1024.jpeg 1024w, https:\/\/web.infn.it\/atlas\/wp-content\/uploads\/2023\/11\/Pavia1-1-300x300.jpeg 300w, https:\/\/web.infn.it\/atlas\/wp-content\/uploads\/2023\/11\/Pavia1-1-150x150.jpeg 150w, https:\/\/web.infn.it\/atlas\/wp-content\/uploads\/2023\/11\/Pavia1-1-1536x1536.jpeg 1536w, https:\/\/web.infn.it\/atlas\/wp-content\/uploads\/2023\/11\/Pavia1-1-2048x2048.jpeg 2048w, https:\/\/web.infn.it\/atlas\/wp-content\/uploads\/2023\/11\/Pavia1-1-500x500.jpeg 500w, https:\/\/web.infn.it\/atlas\/wp-content\/uploads\/2023\/11\/Pavia1-1-200x200.jpeg 200w\" sizes=\"auto, (max-width: 1024px) 100vw, 1024px\" \/><\/a><\/figure>\n\n\n\n<figure class=\"wp-block-image size-large\"><a href=\"https:\/\/web.infn.it\/atlas\/wp-content\/uploads\/2023\/11\/Pavia22-scaled.jpg\"><img loading=\"lazy\" decoding=\"async\" width=\"1024\" height=\"1024\" data-id=\"2547\" src=\"https:\/\/web.infn.it\/atlas\/wp-content\/uploads\/2023\/11\/Pavia22-1024x1024.jpg\" alt=\"\" class=\"wp-image-2547\" srcset=\"https:\/\/web.infn.it\/atlas\/wp-content\/uploads\/2023\/11\/Pavia22-1024x1024.jpg 1024w, https:\/\/web.infn.it\/atlas\/wp-content\/uploads\/2023\/11\/Pavia22-300x300.jpg 300w, https:\/\/web.infn.it\/atlas\/wp-content\/uploads\/2023\/11\/Pavia22-150x150.jpg 150w, https:\/\/web.infn.it\/atlas\/wp-content\/uploads\/2023\/11\/Pavia22-1536x1536.jpg 1536w, https:\/\/web.infn.it\/atlas\/wp-content\/uploads\/2023\/11\/Pavia22-2048x2048.jpg 2048w, https:\/\/web.infn.it\/atlas\/wp-content\/uploads\/2023\/11\/Pavia22-500x500.jpg 500w, https:\/\/web.infn.it\/atlas\/wp-content\/uploads\/2023\/11\/Pavia22-200x200.jpg 200w\" sizes=\"auto, (max-width: 1024px) 100vw, 1024px\" \/><\/a><\/figure>\n<figcaption class=\"blocks-gallery-caption wp-element-caption\">Figura 3: La sezione di Pavia ha partecipato alla ERN con diverse attivit\u00e0. In foto si pu\u00f2 vedere il gioco pi\u00f9 amato dai bambini (ma anche e soprattutto dagli adulti) \u201cChe particella sei\u201d, il quale, tramite un quiz, permette di scoprire a quale particella del Modello Standard si assomiglia. Inoltre, come si vede in foto, sono stati proiettati su degli schermi dei video esplicativi della caverna di ATLAS. Lo stand prevedeva anche un rilevatore di cosmici, con annesso schermo per verificare le coincidenze di segnale. Infine, novit\u00e0 di quest\u2019anno, anche un visore che permette, tramite realt\u00e0 virtuale, di accedere e camminare nella caverna sotterranea in cui \u00e8 presente il rivelatore ATLAS.<\/figcaption><\/figure>\n","protected":false},"excerpt":{"rendered":"<p>Come da tradizione ormai consolidata negli anni, nell\u2019ultimo venerd\u00ec del mese di Settembre ricorre Notte Europea dei Ricercatori e delle Ricercatrici (ERN): il mondo della ricerca apre le porte e dischiude il proprio alveo in Italia ed Europa, con un fioccare di opportunit\u00e0 volte alla conoscenza ed alla valorizzazione di tutte quelle attivit\u00e0 che spesso [&hellip;]<\/p>\n","protected":false},"author":143,"featured_media":2553,"comment_status":"closed","ping_status":"closed","sticky":false,"template":"","format":"standard","meta":{"footnotes":""},"categories":[2,4,5],"tags":[12,16,22],"ppma_author":[131],"class_list":["post-2540","post","type-post","status-publish","format-standard","has-post-thumbnail","hentry","category-atlas","category-contributo-italiano","category-education","tag-atlas","tag-contributo-italiano","tag-news"],"authors":[{"term_id":131,"user_id":0,"is_guest":1,"slug":"cap-gravili","display_name":"Francesco Giuseppe Gravili","avatar_url":"https:\/\/secure.gravatar.com\/avatar\/?s=96&d=mm&r=g","0":null,"1":"","2":"","3":"","4":"","5":"","6":"","7":"","8":""}],"_links":{"self":[{"href":"https:\/\/web.infn.it\/atlas\/wp-json\/wp\/v2\/posts\/2540","targetHints":{"allow":["GET"]}}],"collection":[{"href":"https:\/\/web.infn.it\/atlas\/wp-json\/wp\/v2\/posts"}],"about":[{"href":"https:\/\/web.infn.it\/atlas\/wp-json\/wp\/v2\/types\/post"}],"author":[{"embeddable":true,"href":"https:\/\/web.infn.it\/atlas\/wp-json\/wp\/v2\/users\/143"}],"replies":[{"embeddable":true,"href":"https:\/\/web.infn.it\/atlas\/wp-json\/wp\/v2\/comments?post=2540"}],"version-history":[{"count":2,"href":"https:\/\/web.infn.it\/atlas\/wp-json\/wp\/v2\/posts\/2540\/revisions"}],"predecessor-version":[{"id":2554,"href":"https:\/\/web.infn.it\/atlas\/wp-json\/wp\/v2\/posts\/2540\/revisions\/2554"}],"wp:featuredmedia":[{"embeddable":true,"href":"https:\/\/web.infn.it\/atlas\/wp-json\/wp\/v2\/media\/2553"}],"wp:attachment":[{"href":"https:\/\/web.infn.it\/atlas\/wp-json\/wp\/v2\/media?parent=2540"}],"wp:term":[{"taxonomy":"category","embeddable":true,"href":"https:\/\/web.infn.it\/atlas\/wp-json\/wp\/v2\/categories?post=2540"},{"taxonomy":"post_tag","embeddable":true,"href":"https:\/\/web.infn.it\/atlas\/wp-json\/wp\/v2\/tags?post=2540"},{"taxonomy":"author","embeddable":true,"href":"https:\/\/web.infn.it\/atlas\/wp-json\/wp\/v2\/ppma_author?post=2540"}],"curies":[{"name":"wp","href":"https:\/\/api.w.org\/{rel}","templated":true}]}}