
{"id":2719,"date":"2025-05-23T14:52:29","date_gmt":"2025-05-23T12:52:29","guid":{"rendered":"https:\/\/web.infn.it\/atlas\/?p=2719"},"modified":"2025-06-10T14:29:39","modified_gmt":"2025-06-10T12:29:39","slug":"xviii-atlas-italia-workshop","status":"publish","type":"post","link":"https:\/\/web.infn.it\/atlas\/xviii-atlas-italia-workshop\/","title":{"rendered":"XVIII ATLAS Italia Workshop"},"content":{"rendered":"\n<p>Si terr\u00e0 a <strong>Udine<\/strong>, dal <strong>1 al 3 luglio 2025<\/strong>, la diciottesima edizione del <strong>Workshop ATLAS Italia<\/strong>, organizzato dal <strong>Gruppo Collegato INFN di Udine, Sezione di Trieste<\/strong>.<\/p>\n\n\n\n<p>La sede dell\u2019evento sar\u00e0 <strong><a href=\"https:\/\/maps.app.goo.gl\/ogNaMGbzD86VBnyCA\">Palazzo Antonini-Cernazai<\/a><\/strong> , nel centro storico della citt\u00e0 (Via Tarcisio Petracco 8).<\/p>\n\n\n\n<figure class=\"wp-block-image size-large\"><a href=\"https:\/\/web.infn.it\/atlas\/wp-content\/uploads\/2025\/05\/Screenshot-from-2025-05-23-14-59-56.png\"><img loading=\"lazy\" decoding=\"async\" width=\"1024\" height=\"1024\" src=\"https:\/\/web.infn.it\/atlas\/wp-content\/uploads\/2025\/05\/Screenshot-from-2025-05-23-14-59-56-1024x1024.png\" alt=\"\" class=\"wp-image-2724\" srcset=\"https:\/\/web.infn.it\/atlas\/wp-content\/uploads\/2025\/05\/Screenshot-from-2025-05-23-14-59-56-1024x1024.png 1024w, https:\/\/web.infn.it\/atlas\/wp-content\/uploads\/2025\/05\/Screenshot-from-2025-05-23-14-59-56-300x300.png 300w, https:\/\/web.infn.it\/atlas\/wp-content\/uploads\/2025\/05\/Screenshot-from-2025-05-23-14-59-56-150x150.png 150w, https:\/\/web.infn.it\/atlas\/wp-content\/uploads\/2025\/05\/Screenshot-from-2025-05-23-14-59-56-1536x1536.png 1536w, https:\/\/web.infn.it\/atlas\/wp-content\/uploads\/2025\/05\/Screenshot-from-2025-05-23-14-59-56-2048x2048.png 2048w, https:\/\/web.infn.it\/atlas\/wp-content\/uploads\/2025\/05\/Screenshot-from-2025-05-23-14-59-56-500x500.png 500w, https:\/\/web.infn.it\/atlas\/wp-content\/uploads\/2025\/05\/Screenshot-from-2025-05-23-14-59-56-200x200.png 200w\" sizes=\"auto, (max-width: 1024px) 100vw, 1024px\" \/><\/a><\/figure>\n\n\n\n<p>Il workshop inizier\u00e0 marted\u00ec 1 luglio alle ore 9:00 e si concluder\u00e0 gioved\u00ec 3 alle 13:00.<br>L\u2019agenda includer\u00e0 aggiornamenti sull\u2019analisi dei dati, sviluppo dei rivelatori, software e attivit\u00e0 future dell\u2019esperimento ATLAS, con ampio spazio per discussioni e collaborazioni tra i gruppi italiani.<\/p>\n\n\n\n<p>Maggiori informazioni e registrazione:<br><a class=\"\" href=\"https:\/\/indico.cern.ch\/event\/1518424\/\">https:\/\/indico.cern.ch\/event\/1518424\/<\/a><\/p>\n\n\n\n<p>Scadenze:<\/p>\n\n\n\n<ul class=\"wp-block-list\">\n<li><strong>Registrazione<\/strong>: fino al <strong>31 maggio 2025<\/strong><\/li>\n<\/ul>\n\n\n\n<p>La quota d\u2019iscrizione comprende coffee break, welcome drink (luned\u00ec sera) e cena sociale (mercoled\u00ec sera).<br>Il pranzo non \u00e8 incluso, ma la zona offre numerose opzioni facilmente raggiungibili.<\/p>\n\n\n\n<p>Il workshop rappresenta un momento importante per fare il punto sulle attivit\u00e0 italiane in ATLAS e per promuovere nuove sinergie all\u2019interno della collaborazione.<\/p>\n\n\n\n<p>Vi aspettiamo numerosi a Udine!<\/p>\n","protected":false},"excerpt":{"rendered":"<p>Si terr\u00e0 a Udine, dal 1 al 3 luglio 2025, la diciottesima edizione del Workshop ATLAS Italia, organizzato dal Gruppo Collegato INFN di Udine, Sezione di Trieste. La sede dell\u2019evento sar\u00e0 Palazzo Antonini-Cernazai , nel centro storico della citt\u00e0 (Via Tarcisio Petracco 8). Il workshop inizier\u00e0 marted\u00ec 1 luglio alle ore 9:00 e si concluder\u00e0 [&hellip;]<\/p>\n","protected":false},"author":14,"featured_media":2721,"comment_status":"closed","ping_status":"closed","sticky":true,"template":"","format":"standard","meta":{"footnotes":""},"categories":[2,8],"tags":[17,22],"ppma_author":[136],"class_list":["post-2719","post","type-post","status-publish","format-standard","has-post-thumbnail","hentry","category-atlas","category-news","tag-featured","tag-news"],"authors":[{"term_id":136,"user_id":14,"is_guest":0,"slug":"antonio-sidoti","display_name":"Antonio Sidoti","avatar_url":"https:\/\/secure.gravatar.com\/avatar\/6b71c4f8b0095c8bf241046cd0204f7257949f399d62a3ce8958fac97dacf639?s=96&d=mm&r=g","0":null,"1":"","2":"","3":"","4":"","5":"","6":"","7":"","8":""}],"_links":{"self":[{"href":"https:\/\/web.infn.it\/atlas\/wp-json\/wp\/v2\/posts\/2719","targetHints":{"allow":["GET"]}}],"collection":[{"href":"https:\/\/web.infn.it\/atlas\/wp-json\/wp\/v2\/posts"}],"about":[{"href":"https:\/\/web.infn.it\/atlas\/wp-json\/wp\/v2\/types\/post"}],"author":[{"embeddable":true,"href":"https:\/\/web.infn.it\/atlas\/wp-json\/wp\/v2\/users\/14"}],"replies":[{"embeddable":true,"href":"https:\/\/web.infn.it\/atlas\/wp-json\/wp\/v2\/comments?post=2719"}],"version-history":[{"count":6,"href":"https:\/\/web.infn.it\/atlas\/wp-json\/wp\/v2\/posts\/2719\/revisions"}],"predecessor-version":[{"id":2730,"href":"https:\/\/web.infn.it\/atlas\/wp-json\/wp\/v2\/posts\/2719\/revisions\/2730"}],"wp:featuredmedia":[{"embeddable":true,"href":"https:\/\/web.infn.it\/atlas\/wp-json\/wp\/v2\/media\/2721"}],"wp:attachment":[{"href":"https:\/\/web.infn.it\/atlas\/wp-json\/wp\/v2\/media?parent=2719"}],"wp:term":[{"taxonomy":"category","embeddable":true,"href":"https:\/\/web.infn.it\/atlas\/wp-json\/wp\/v2\/categories?post=2719"},{"taxonomy":"post_tag","embeddable":true,"href":"https:\/\/web.infn.it\/atlas\/wp-json\/wp\/v2\/tags?post=2719"},{"taxonomy":"author","embeddable":true,"href":"https:\/\/web.infn.it\/atlas\/wp-json\/wp\/v2\/ppma_author?post=2719"}],"curies":[{"name":"wp","href":"https:\/\/api.w.org\/{rel}","templated":true}]}}