
{"id":2735,"date":"2025-07-08T12:36:27","date_gmt":"2025-07-08T10:36:27","guid":{"rendered":"https:\/\/web.infn.it\/atlas\/?p=2735"},"modified":"2025-07-10T13:46:20","modified_gmt":"2025-07-10T11:46:20","slug":"il-workshop-atlas-italia-2025-accende-udine","status":"publish","type":"post","link":"https:\/\/web.infn.it\/atlas\/il-workshop-atlas-italia-2025-accende-udine\/","title":{"rendered":"Il workshop ATLAS-Italia 2025 accende Udine!"},"content":{"rendered":"\n<h2 class=\"wp-block-heading\">Energia, idee e futuro<\/h2>\n\n\n\n<p>Dal 1 al 3 luglio, Udine \u00e8 diventata il cuore pulsante della comunit\u00e0 ATLAS italiana. In un\u2019atmosfera vivace e stimolante, poco meno di cento tra ricercatrici, ricercatori, giovani dottorandi e volti storici dell\u2019esperimento si sono riuniti per condividere risultati, visioni e sfide della fisica delle particelle al Large Hadron Collider. Sono stati tre giorni intensi, ricchi di presentazioni, discussioni e scambi informali, che hanno confermato \u2013 se mai ce ne fosse bisogno \u2013 la vitalit\u00e0 e la coesione della nostra comunit\u00e0.<\/p>\n\n\n\n<figure class=\"wp-block-image size-large\"><a href=\"https:\/\/web.infn.it\/atlas\/wp-content\/uploads\/2025\/07\/79730099-5ce1-4c5e-bc79-17b46a5b92b31-scaled.jpg\"><img loading=\"lazy\" decoding=\"async\" width=\"1024\" height=\"576\" src=\"https:\/\/web.infn.it\/atlas\/wp-content\/uploads\/2025\/07\/79730099-5ce1-4c5e-bc79-17b46a5b92b31-1024x576.jpg\" alt=\"\" class=\"wp-image-2746\" srcset=\"https:\/\/web.infn.it\/atlas\/wp-content\/uploads\/2025\/07\/79730099-5ce1-4c5e-bc79-17b46a5b92b31-1024x576.jpg 1024w, https:\/\/web.infn.it\/atlas\/wp-content\/uploads\/2025\/07\/79730099-5ce1-4c5e-bc79-17b46a5b92b31-300x169.jpg 300w, https:\/\/web.infn.it\/atlas\/wp-content\/uploads\/2025\/07\/79730099-5ce1-4c5e-bc79-17b46a5b92b31-768x432.jpg 768w, https:\/\/web.infn.it\/atlas\/wp-content\/uploads\/2025\/07\/79730099-5ce1-4c5e-bc79-17b46a5b92b31-1536x864.jpg 1536w, https:\/\/web.infn.it\/atlas\/wp-content\/uploads\/2025\/07\/79730099-5ce1-4c5e-bc79-17b46a5b92b31-2048x1152.jpg 2048w, https:\/\/web.infn.it\/atlas\/wp-content\/uploads\/2025\/07\/79730099-5ce1-4c5e-bc79-17b46a5b92b31-400x225.jpg 400w\" sizes=\"auto, (max-width: 1024px) 100vw, 1024px\" \/><\/a><\/figure>\n\n\n\n<h3 class=\"wp-block-heading\">Verso la fine del Run 3, con uno sguardo al futuro<\/h3>\n\n\n\n<p>Con ancora un anno davanti per il Run 3, la macchina LHC ed il rivelatore ATLAS sono  ben oliati \u2013 e il contributo italiano continua a essere centrale. Dagli upgrade previsti per &#8220;Fase2&#8221; alle operazioni di presa dati quotidiane del rivelatore, alla qualit\u00e0 dei dati raccolti, la dedizione del team italiano \u00e8 evidente. Ma la vera forza si \u00e8 vista nella variet\u00e0 e profondit\u00e0 delle presentazioni: dalla calibrazione dei rivelatori alla stabilit\u00e0 di LUCID e TileCal, passando per l\u2019elettronica LAr e le tecnologie TDAQ. Ogni dettaglio conta, e ogni gruppo ha portato il proprio tassello al mosaico collettivo.<\/p>\n\n\n\n<h3 class=\"wp-block-heading\">Nuove tecniche, nuovi segnali, nuove domande<\/h3>\n\n\n\n<p>Il cuore scientifico del workshop ha battuto forte. Le analisi di fisica presentate hanno spaziato dallo studio del bosone di Higgs in molteplici canali (H\u2192\u03bc\u03bc, H\u2192ZZ*, ttH, HH\u2192bb\ud835\udec4\ud835\udec4, HH\u2192bb\u03c4\u03c4), fino alle ricerche di nuova fisica, come squark di terza generazione, dark photons, e ricerca di segnali anomali in eventi adronici. Sorprendenti i nuovi approcci: tagging innovativo, tecniche di machine learning, osservabili \u201cquantistici\u201d e uso intelligente del time-of-flight per inseguire particelle a vita lunga. La creativit\u00e0 e la precisione si sono date la mano.<\/p>\n\n\n\n<figure class=\"wp-block-image size-large\"><a href=\"https:\/\/web.infn.it\/atlas\/wp-content\/uploads\/2025\/07\/20250701_112245-scaled.png\"><img loading=\"lazy\" decoding=\"async\" width=\"1024\" height=\"576\" src=\"https:\/\/web.infn.it\/atlas\/wp-content\/uploads\/2025\/07\/20250701_112245-1024x576.png\" alt=\"\" class=\"wp-image-2739\" srcset=\"https:\/\/web.infn.it\/atlas\/wp-content\/uploads\/2025\/07\/20250701_112245-1024x576.png 1024w, https:\/\/web.infn.it\/atlas\/wp-content\/uploads\/2025\/07\/20250701_112245-300x169.png 300w, https:\/\/web.infn.it\/atlas\/wp-content\/uploads\/2025\/07\/20250701_112245-768x432.png 768w, https:\/\/web.infn.it\/atlas\/wp-content\/uploads\/2025\/07\/20250701_112245-1536x864.png 1536w, https:\/\/web.infn.it\/atlas\/wp-content\/uploads\/2025\/07\/20250701_112245-2048x1152.png 2048w, https:\/\/web.infn.it\/atlas\/wp-content\/uploads\/2025\/07\/20250701_112245-400x225.png 400w\" sizes=\"auto, (max-width: 1024px) 100vw, 1024px\" \/><\/a><\/figure>\n\n\n\n<h3 class=\"wp-block-heading\">L\u2019upgrade prende forma: verso l\u2019HL-LHC<\/h3>\n\n\n\n<p>Se il presente \u00e8 entusiasmante, il futuro lo \u00e8 ancora di pi\u00f9. Il workshop ha mostrato con chiarezza come il contributo italiano all\u2019upgrade di ATLAS per l\u2019High-Luminosity LHC stia entrando nella fase cruciale. I moduli per il nuovo Inner Tracker (ITk) prendono forma, testati e montati con cura. Le scelte tecnologiche per l\u2019Event Filter diventano sempre pi\u00f9 concrete, e i sottorivelatori sono pronti ad affrontare le sfide che spingeranno LHC a diventare il collider con una luminosit\u00e0 mai vista prima. <\/p>\n\n\n\n<h3 class=\"wp-block-heading\">Una comunit\u00e0 che cresce, discute e si ispira<\/h3>\n\n\n\n<p>Non sono mancati i momenti ispiratori: il talk teorico di Marco Fabbrichesi ha aperto nuove prospettive concettuali, mentre il confronto continuo tra senior e giovani ha reso il workshop anche un laboratorio di crescita. Udine ha offerto non solo un\u2019accoglienza impeccabile, ma anche lo sfondo ideale per rinsaldare legami, generare nuove idee e pianificare il futuro. Lo spokesperson di ATLAS, Stephane Willocq dell&#8217;Universit\u00e0 of Massachussets-Amherst ed il responsabile nazionale di ATLAS Italia, Massimo Corradi della Sezione di Roma &#8220;La Sapienza&#8221; dell&#8217;INFN hanno risposto al fuoco di fila di una sessione di domande e risposte da parte dei presenti.<\/p>\n\n\n\n<figure class=\"wp-block-image size-large\"><a href=\"https:\/\/web.infn.it\/atlas\/wp-content\/uploads\/2025\/07\/20250702_181914-scaled.png\"><img loading=\"lazy\" decoding=\"async\" width=\"1484\" height=\"835\" src=\"https:\/\/web.infn.it\/atlas\/wp-content\/uploads\/2025\/07\/20250702_181914-edited.png\" alt=\"\" class=\"wp-image-2749\" srcset=\"https:\/\/web.infn.it\/atlas\/wp-content\/uploads\/2025\/07\/20250702_181914-edited.png 1484w, https:\/\/web.infn.it\/atlas\/wp-content\/uploads\/2025\/07\/20250702_181914-edited-768x432.png 768w\" sizes=\"auto, (max-width: 1484px) 100vw, 1484px\" \/><\/a><figcaption class=\"wp-element-caption\">Un momento della sessione di domande e risposte con lo spokesperson di ATLAS S. Willocq ed il responsabile nazionale M. Corradi<\/figcaption><\/figure>\n\n\n\n<p>Impossibile non ringraziare il comitato organizzatore locale, le segreterie organizzative della sezione di Trieste dell&#8217;INFN e del Dipartimento di Sciente Matematiche Informatiche e Fisiche dell&#8217;Universit\u00e0 di Udine che hanno coccolato i partecipanti. Il workshop ATLAS-Italia 2025 si chiude con entusiasmo, gratitudine e una certezza: la nostra comunit\u00e0 c\u2019\u00e8, \u00e8 forte, unita e pronta ad affrontare le prossime sfide della fisica fondamentale. Con un sorriso \u2013 e magari un brindisi friulano.<\/p>\n\n\n\n<figure class=\"wp-block-image size-large\"><a href=\"https:\/\/web.infn.it\/atlas\/wp-content\/uploads\/2025\/07\/ff582956-812c-4021-acbe-5cda121d89d91-scaled.jpg\"><img loading=\"lazy\" decoding=\"async\" width=\"1024\" height=\"576\" src=\"https:\/\/web.infn.it\/atlas\/wp-content\/uploads\/2025\/07\/ff582956-812c-4021-acbe-5cda121d89d91-1024x576.jpg\" alt=\"\" class=\"wp-image-2747\" srcset=\"https:\/\/web.infn.it\/atlas\/wp-content\/uploads\/2025\/07\/ff582956-812c-4021-acbe-5cda121d89d91-1024x576.jpg 1024w, https:\/\/web.infn.it\/atlas\/wp-content\/uploads\/2025\/07\/ff582956-812c-4021-acbe-5cda121d89d91-300x169.jpg 300w, https:\/\/web.infn.it\/atlas\/wp-content\/uploads\/2025\/07\/ff582956-812c-4021-acbe-5cda121d89d91-768x432.jpg 768w, https:\/\/web.infn.it\/atlas\/wp-content\/uploads\/2025\/07\/ff582956-812c-4021-acbe-5cda121d89d91-1536x864.jpg 1536w, https:\/\/web.infn.it\/atlas\/wp-content\/uploads\/2025\/07\/ff582956-812c-4021-acbe-5cda121d89d91-2048x1152.jpg 2048w, https:\/\/web.infn.it\/atlas\/wp-content\/uploads\/2025\/07\/ff582956-812c-4021-acbe-5cda121d89d91-400x225.jpg 400w\" sizes=\"auto, (max-width: 1024px) 100vw, 1024px\" \/><\/a><figcaption class=\"wp-element-caption\">Aperitivo prima della cena sociale, al castello di Udine<\/figcaption><\/figure>\n","protected":false},"excerpt":{"rendered":"<p>Energia, idee e futuro Dal 1 al 3 luglio, Udine \u00e8 diventata il cuore pulsante della comunit\u00e0 ATLAS italiana. In un\u2019atmosfera vivace e stimolante, poco meno di cento tra ricercatrici, ricercatori, giovani dottorandi e volti storici dell\u2019esperimento si sono riuniti per condividere risultati, visioni e sfide della fisica delle particelle al Large Hadron Collider. Sono [&hellip;]<\/p>\n","protected":false},"author":14,"featured_media":2748,"comment_status":"closed","ping_status":"closed","sticky":false,"template":"","format":"standard","meta":{"footnotes":""},"categories":[2,8],"tags":[17],"ppma_author":[136],"class_list":["post-2735","post","type-post","status-publish","format-standard","has-post-thumbnail","hentry","category-atlas","category-news","tag-featured"],"authors":[{"term_id":136,"user_id":14,"is_guest":0,"slug":"antonio-sidoti","display_name":"Antonio Sidoti","avatar_url":"https:\/\/secure.gravatar.com\/avatar\/6b71c4f8b0095c8bf241046cd0204f7257949f399d62a3ce8958fac97dacf639?s=96&d=mm&r=g","0":null,"1":"","2":"","3":"","4":"","5":"","6":"","7":"","8":""}],"_links":{"self":[{"href":"https:\/\/web.infn.it\/atlas\/wp-json\/wp\/v2\/posts\/2735","targetHints":{"allow":["GET"]}}],"collection":[{"href":"https:\/\/web.infn.it\/atlas\/wp-json\/wp\/v2\/posts"}],"about":[{"href":"https:\/\/web.infn.it\/atlas\/wp-json\/wp\/v2\/types\/post"}],"author":[{"embeddable":true,"href":"https:\/\/web.infn.it\/atlas\/wp-json\/wp\/v2\/users\/14"}],"replies":[{"embeddable":true,"href":"https:\/\/web.infn.it\/atlas\/wp-json\/wp\/v2\/comments?post=2735"}],"version-history":[{"count":4,"href":"https:\/\/web.infn.it\/atlas\/wp-json\/wp\/v2\/posts\/2735\/revisions"}],"predecessor-version":[{"id":2753,"href":"https:\/\/web.infn.it\/atlas\/wp-json\/wp\/v2\/posts\/2735\/revisions\/2753"}],"wp:featuredmedia":[{"embeddable":true,"href":"https:\/\/web.infn.it\/atlas\/wp-json\/wp\/v2\/media\/2748"}],"wp:attachment":[{"href":"https:\/\/web.infn.it\/atlas\/wp-json\/wp\/v2\/media?parent=2735"}],"wp:term":[{"taxonomy":"category","embeddable":true,"href":"https:\/\/web.infn.it\/atlas\/wp-json\/wp\/v2\/categories?post=2735"},{"taxonomy":"post_tag","embeddable":true,"href":"https:\/\/web.infn.it\/atlas\/wp-json\/wp\/v2\/tags?post=2735"},{"taxonomy":"author","embeddable":true,"href":"https:\/\/web.infn.it\/atlas\/wp-json\/wp\/v2\/ppma_author?post=2735"}],"curies":[{"name":"wp","href":"https:\/\/api.w.org\/{rel}","templated":true}]}}